{"id":1135,"date":"2015-12-01T19:10:54","date_gmt":"2015-12-01T17:10:54","guid":{"rendered":"http:\/\/dacica.ro\/aurora\/?p=1135"},"modified":"2016-10-18T20:16:17","modified_gmt":"2016-10-18T17:16:17","slug":"incident-sarmizegetusa-regia","status":"publish","type":"post","link":"http:\/\/dacica.ro\/aurora\/incident-sarmizegetusa-regia\/","title":{"rendered":"Cum am fost trata\u021bi ca ni\u0219te infractori la Sarmizegetusa Regia"},"content":{"rendered":"<p style=\"text-align: justify;\">Toamn\u0103 lung\u0103 \u0219i cald\u0103 \u00een Valea Gr\u0103di\u0219tii, numai bun\u0103 de ie\u0219it pe teren. A\u0219a c\u0103 \u00een data de 11 noiembrie am f\u0103cut o deplasare \u00een zon\u0103 \u0219i am ajuns \u0219i la Sarmizegetusa Regia, cu un permis auto de trecere de la prim\u0103rie, pentru c\u0103 drumul \u00eenc\u0103 era \u00een lucru pe o por\u021biune. Eram patru persoane: eu, arh. Marian (Norman) Coman\u00a0(vicepre\u0219edintele Funda\u021biei Dacica), arheologul Mihai C\u0103st\u0103ian \u0219i un prieten care \u00eel \u00eenso\u021bea pe Mihai, avocat.<\/p>\n<p style=\"text-align: justify;\">De ani de zile nu m\u0103 mai duc la Sarmizegetusa ca turist. M\u0103 duc din dou\u0103 motive: 1. \u00een calitate de cercet\u0103toare, pentru c\u0103 am \u00een curs de elaborare un doctorat al c\u0103rui subiect \u00eel constituie tocmai acest sit (vezi <a href=\"https:\/\/ubbcluj.academia.edu\/AuroraPetan\" target=\"_blank\">aici<\/a> publica\u021biile mele despre Sarmizegetusa Regia,\u00a0<a href=\"http:\/\/cercetare.dacica.ro\/proiecte\" target=\"_blank\">aici<\/a> proiectele \u00een care m\u0103 implic, iar <a href=\"http:\/\/sarmizegetusa.org\/cetati\/Sarmizegetusa%20Regia\" target=\"_blank\">aici<\/a>, \u201electurile\u201d mele favorite); 2. \u00een calitate de pre\u0219edint\u0103 a Funda\u021biei Dacica, pentru c\u0103 documentez ce se mai \u00eent\u00e2mpl\u0103 \u00een arealul cet\u0103\u021bilor, modul \u00een care este administrat acest monument UNESCO \u0219i interven\u021biile asupra lui (a\u0219a am descoperit <a href=\"https:\/\/www.facebook.com\/aurora.petan\/media_set?set=a.4843877103969.1073741829.1508104471&amp;type=3\" target=\"_blank\">groapa de braconaj<\/a> \u00een 2013, a\u0219a am descoperit <a href=\"https:\/\/www.facebook.com\/aurora.petan\/media_set?set=a.4805358741034.1073741827.1508104471&amp;type=3\" target=\"_blank\">incendierile \u0219i distrugerile<\/a> f\u0103cute de administra\u021bie \u00een acela\u0219i an).\u00a0Uneori m\u0103 mai duc cu prieteni care vin \u00een vizit\u0103 \u0219i vor s\u0103 le povestesc despre cetate. De fiecare dat\u0103 pl\u0103tesc bilet. De fiecare dat\u0103 m\u0103 duc ca persoan\u0103 privat\u0103, pentru c\u0103, de\u0219i Funda\u021bia \u00ee\u0219i\u00a0are sediul \u00een zon\u0103 de 6 ani \u0219i este singura care face ceva pentru promovarea acestor monumente, este privit\u0103 cu foarte mult\u0103 aversiune de c\u0103tre \u201eoficiali\u201d. \u0218i pentru c\u0103, de\u0219i sunt arheolog atestat, admiterea mea \u00een Registrul Arheologilor s-a f\u0103cut numai dup\u0103 ce responsabilul \u0219tiin\u021bific al sitului Sarmizegetusa Regia a \u00eencercat s\u0103 blocheze, \u00een Comisia Na\u021bional\u0103 de Arheologie, intrarea mea \u00een aceast\u0103 breasl\u0103. Deci este evident c\u0103, \u00een\u00a0ambele calit\u0103\u021bi, nu sunt binevenit\u0103 \u00een acel sit. A\u0219a c\u0103 \u00eemi r\u0103m\u00e2ne doar calitatea de turist. \u0218i ca simplu \u201eturist\u201d, voiam s\u0103 mai fac ni\u0219te fotografii pentru teza mea de doctorat \u0219i\u00a0s\u0103 m\u0103 uit la betoanele oribile proasp\u0103t ap\u0103rute \u00een apropiere de intrarea \u00een situl UNESCO.<\/p>\n<p style=\"text-align: justify;\"><strong>1. Poteca interzis\u0103<\/strong><\/p>\n<p style=\"text-align: justify;\">Cum pe Valea Alb\u0103 erau utilaje \u0219i nu se putea trece, am decis s\u0103 mergem pe Valea Godeanului \u0219i s\u0103 urc\u0103m pe vechea \u0219i b\u0103tuta potec\u0103 ce pornea de la fosta sta\u021bie \u201eCetate\u201d a moc\u0103ni\u021bei, acum desfiin\u021bat\u0103. P\u00e2n\u0103 la amenajarea drumului de pe Valea Alb\u0103, to\u021bi cei care voiau s\u0103 ajung\u0103 la cetate urcau pe acea potec\u0103: localnici, arheologi, muncitori, turi\u0219ti &#8211; to\u021bi. C\u0103lcam, practic, pe urmele lui Daicoviciu. De altfel, era\u00a0\u0219i cea mai scurt\u0103 cale de acces \u00een sit, urcu\u0219ul dur\u00e2nd mai pu\u021bin de jum\u0103tate de or\u0103.<\/p>\n<p style=\"text-align: justify;\">Am urcat a\u0219adar pe poteca \u201eistoric\u0103\u201d, al c\u0103rei cap\u0103t este semnalizat printr-un indicator pe care scrie, cu ro\u0219u, \u201eSarmizegetusa\u201d. Cuno\u0219team foarte bine regulamentul de vizitare a monumentului, elaborat de Consiliul Jude\u021bean \u0219i afi\u0219at la intrarea \u00een sit, care spune, chiar \u00een primul articol, c\u0103 nu ai voie s\u0103 intri \u00een cetate dec\u00e2t <em>\u201eprin locurile \u0219i pe traselele stabilite \u0219i marcate\u201d<\/em>. Nu \u0219tiam exact ce \u00eenseamn\u0103 asta, pentru c\u0103 nu se fac preciz\u0103ri, dar presupuneam\u00a0c\u0103 nu se poate intra dec\u00e2t pe la poarta de vest a cet\u0103\u021bii, unde e casa de bilete \u0219i, eventual, dinspre\u00a0Godeanu, de pe traseul turistic cu cruce ro\u0219ie. Traseul nostru ducea direct \u00een zona sacr\u0103, sub terasa XI, unde nu este punct de acces autorizat \u00een sit. Ne-am sf\u0103tuit cum s\u0103 facem s\u0103 nu \u00eenc\u0103lc\u0103m regulamentul \u0219i am decis s\u0103 ocolim\u00a0zona administrat\u0103 pe dedesubt, trec\u00e2nd pe sub \u201eb\u0103ile romane\u201d, \u0219i s\u0103 ie\u0219im deasupra parc\u0103rii, pentru a intra, regulamentar, pe poarta de vest.<\/p>\n<div id=\"attachment_1163\" style=\"width: 1034px\" class=\"wp-caption aligncenter\"><img aria-describedby=\"caption-attachment-1163\" loading=\"lazy\" class=\"wp-image-1163 size-large\" src=\"http:\/\/dacica.ro\/aurora\/wp-content\/uploads\/2015\/11\/IMG_9007_resize-1024x683.jpg\" alt=\"IMG_9007_resize\" width=\"1024\" height=\"683\" srcset=\"http:\/\/dacica.ro\/aurora\/wp-content\/uploads\/2015\/11\/IMG_9007_resize-1024x683.jpg 1024w, http:\/\/dacica.ro\/aurora\/wp-content\/uploads\/2015\/11\/IMG_9007_resize-300x200.jpg 300w, http:\/\/dacica.ro\/aurora\/wp-content\/uploads\/2015\/11\/IMG_9007_resize-1080x720.jpg 1080w, http:\/\/dacica.ro\/aurora\/wp-content\/uploads\/2015\/11\/IMG_9007_resize-600x400.jpg 600w, http:\/\/dacica.ro\/aurora\/wp-content\/uploads\/2015\/11\/IMG_9007_resize-88x60.jpg 88w, http:\/\/dacica.ro\/aurora\/wp-content\/uploads\/2015\/11\/IMG_9007_resize.jpg 1800w\" sizes=\"(max-width: 1024px) 100vw, 1024px\" \/><p id=\"caption-attachment-1163\" class=\"wp-caption-text\">Traseul \u201eneomologat\u201d<\/p><\/div>\n<p style=\"text-align: justify;\">Mergeam prin p\u0103dure\u00a0la c\u00e2teva zeci de metri dep\u0103rtare de zona sacr\u0103, convin\u0219i c\u0103\u00a0suntem suficient de departe de zona administrat\u0103,\u00a0c\u00e2nd c\u00e2inii care \u00ee\u0219i fac veacul \u00een sit au \u00eenceput s\u0103 latre, atr\u0103g\u00e2nd aten\u021bia oamenilor de la paz\u0103. Ace\u0219tia i-au alertat pe jandarmi \u0219i \u00een c\u00e2teva minute am fost \u00eenconjura\u021bi \u00een p\u0103dure: unii au venit din spate, al\u021bii ne-au ie\u0219it \u00een fa\u021b\u0103, fotografiindu-ne. Situa\u021bia ar fi trebuit s\u0103 se l\u0103mureasc\u0103 rapid, dar Garcea e viu \u0219i e printre noi, a\u0219a \u00eenc\u00e2t a \u00eenceput un circ umilitor \u0219i stupid.<\/p>\n<p style=\"text-align: justify;\"><strong>2. Zona interzis\u0103<\/strong><\/p>\n<p style=\"text-align: justify;\">Personajul \u00een cauz\u0103, un jandarm al c\u0103rui nume nu l-am re\u021binut, a\u0219a c\u0103 o s\u0103-i spun Garcea pentru c\u0103 merit\u0103 pe deplin, ne cuno\u0219tea pe to\u021bi, a\u0219a cum a \u0219i m\u0103rturisit. De altfel, pe mine \u0219i pe Norman ne cunosc foarte bine to\u021bi reprezentan\u021bii administra\u021biei, panzicii \u0219i jandarmii, dup\u0103 at\u00e2tea zeci de vizite. \u0218tiu cu ce ne ocup\u0103m, \u0219tiu de ce venim \u00een sit. Iar pe Mihai \u00eel cunosc \u0219i mai bine, fiind arheolog \u00een Or\u0103\u0219tie \u0219i un om al mun\u021bilor. Garcea ne-a f\u0103cut poze \u0219i ne-a luat pe sus: <em>\u201ece face\u021bi domnilor, ne testa\u021bi vigilen\u021ba?\u201d<\/em>. Ne-am uitat stupefia\u021bi unii la al\u021bii. <em>\u201eA\u021bi intrat \u00een zona administrat\u0103!\u201d<\/em>. M\u0103 sim\u021beam de parc\u0103 intrasem \u00een\u00a0Area 51. M-am uitat \u00een jurul meu, prin p\u0103dure, \u00eencerc\u00e2nd s\u0103 identific ni\u0219te semne de delimitare. I-am spus c\u0103 tocmai \u00eencercam s\u0103 evit\u0103m aceast\u0103 zon\u0103, pentru a intra regulamentar \u00een sit, pe la poarta de vest, \u0219i l-am \u00eentrebat de unde ar fi trebuit s\u0103 \u0219tim care sunt limitele zonei. Ne-a ar\u0103tat, la vreo 10 m \u00een spatele nostru, o liter\u0103 <em>A<\/em> scris\u0103 cu vopsea ro\u0219ie pe un copac. L-am \u00eentrebat de unde ar fi trebuit s\u0103 \u0219tim ce este cu acea liter\u0103 pe copac \u0219i \u00een ce document public\u00a0am fi putut g\u0103si informa\u021bii despre limitele zonei \u0219i modul de semnalizare a acesteia. Garcea ne-a r\u0103spuns, m\u00e2ndru de el, c\u0103 \u00een hot\u0103r\u00e2rea 186 a Consiliului Jude\u021bean Hunedoara. M-am ofticat, \u00een sinea mea, c\u0103 \u00eemi sc\u0103pase acea hot\u0103r\u00e2re, pentru c\u0103 \u0219tiam\u00a0toate documentele publice (accesibile pe internet) legate de administrarea sitului. Am zis c\u0103 o s\u0103 o caut c\u00e2nd ajung acas\u0103 \u0219i ne vom l\u0103muri.<\/p>\n<div id=\"attachment_1165\" style=\"width: 1034px\" class=\"wp-caption aligncenter\"><a href=\"http:\/\/dacica.ro\/aurora\/wp-content\/uploads\/2015\/11\/marcaj-zona-adminsitrata.jpg\"><img aria-describedby=\"caption-attachment-1165\" loading=\"lazy\" class=\"wp-image-1165 size-large\" src=\"http:\/\/dacica.ro\/aurora\/wp-content\/uploads\/2015\/11\/marcaj-zona-adminsitrata-1024x724.jpg\" alt=\"marcaj zona adminsitrata\" width=\"1024\" height=\"724\" srcset=\"http:\/\/dacica.ro\/aurora\/wp-content\/uploads\/2015\/11\/marcaj-zona-adminsitrata-1024x724.jpg 1024w, http:\/\/dacica.ro\/aurora\/wp-content\/uploads\/2015\/11\/marcaj-zona-adminsitrata-300x212.jpg 300w, http:\/\/dacica.ro\/aurora\/wp-content\/uploads\/2015\/11\/marcaj-zona-adminsitrata-1080x763.jpg 1080w, http:\/\/dacica.ro\/aurora\/wp-content\/uploads\/2015\/11\/marcaj-zona-adminsitrata.jpg 1787w\" sizes=\"(max-width: 1024px) 100vw, 1024px\" \/><\/a><p id=\"caption-attachment-1165\" class=\"wp-caption-text\">Marcajul pentru limita zonei administrate<\/p><\/div>\n<p style=\"text-align: justify;\">Problema era c\u0103 individul nu p\u0103rea s\u0103 \u00een\u021beleag\u0103, sau, mai degrab\u0103, se f\u0103cea c\u0103 nu pricepe ce inten\u021bionam s\u0103 facem. Insista cu \u00eentrebarea ce c\u0103ut\u0103m \u00een zona administrat\u0103. Noi o luam de la cap\u0103t \u0219i \u00eei explicam c\u0103 ne \u00eendreptam spre poart\u0103, ocolind zona. El insista, ce urm\u0103rim, ce c\u0103ut\u0103m acolo. De ce am venit la Sarmi, ce vrem s\u0103 facem. C\u00e2nd i-am spus c\u0103 am urcat din Valea Godeanului, a explodat triumf\u0103tor: <em>\u201easta este a doua abatere! nu avea\u021bi voie pe acolo, este un traseu neomologat!\u201d<\/em>. Bietul Daicoviciu, cred c\u0103 se r\u0103sucea \u00een morm\u00e2nt \u00een clipa aia&#8230;<\/p>\n<p style=\"text-align: justify;\">Dup\u0103 mai multe minute de discu\u021bii sterile, individul se decide \u0219i ne spune s\u0103 venim la poarta de vest. Noi, acri\u021bi deja de povestea literei <em>A<\/em> \u0219i a zonei interzise, d\u0103m s\u0103 facem c\u00e2\u021biva pa\u0219i, ca s\u0103 ie\u0219im din zona administrat\u0103, dincolo de copacul cu teribilul \u00eensemn, \u0219i s\u0103 ne \u00eendrept\u0103m spre poart\u0103. Tipul explodeaz\u0103 iar: <em>\u201edomnilor, ce ne-am \u00een\u021beles??\u201d<\/em>. P\u0103i, s\u0103 mergem la poart\u0103&#8230; Nu era bine prin afara zonei administrate, dup\u0103 ce \u00eei \u00eenc\u0103lcasem limitele, trebuia s\u0103 mergem prin interiorul ei. P\u00e2n\u0103 la urm\u0103 ne-au escortat ei p\u00e2n\u0103 \u00een parcare, unde eram a\u0219tepta\u021bi de al\u021bi angaja\u021bi ai firmei de paz\u0103, cu aparatele de fotografiat pe noi, surprinz\u00e2ndu-ne \u00een momentul \u00een care intram\u00a0ca ni\u0219te\u00a0infractori. I-am f\u0103cut \u0219i eu o poz\u0103 unui paznic care ne fotografia, dar, mai ru\u0219inos din fire, omul a ascuns repede aparatul la spate.<\/p>\n<div id=\"attachment_1157\" style=\"width: 1034px\" class=\"wp-caption aligncenter\"><a href=\"http:\/\/dacica.ro\/aurora\/wp-content\/uploads\/2015\/11\/IMG_9013c_resize.jpg\"><img aria-describedby=\"caption-attachment-1157\" loading=\"lazy\" class=\"wp-image-1157 size-large\" src=\"http:\/\/dacica.ro\/aurora\/wp-content\/uploads\/2015\/11\/IMG_9013c_resize-1024x707.jpg\" alt=\"IMG_9013c_resize\" width=\"1024\" height=\"707\" srcset=\"http:\/\/dacica.ro\/aurora\/wp-content\/uploads\/2015\/11\/IMG_9013c_resize-1024x707.jpg 1024w, http:\/\/dacica.ro\/aurora\/wp-content\/uploads\/2015\/11\/IMG_9013c_resize-300x207.jpg 300w, http:\/\/dacica.ro\/aurora\/wp-content\/uploads\/2015\/11\/IMG_9013c_resize-1080x746.jpg 1080w, http:\/\/dacica.ro\/aurora\/wp-content\/uploads\/2015\/11\/IMG_9013c_resize-88x60.jpg 88w, http:\/\/dacica.ro\/aurora\/wp-content\/uploads\/2015\/11\/IMG_9013c_resize.jpg 1737w\" sizes=\"(max-width: 1024px) 100vw, 1024px\" \/><\/a><p id=\"caption-attachment-1157\" class=\"wp-caption-text\">Un paznic care ne f\u0103cea poze, dar a ascuns aparatul la spate. O fi av\u00e2nd asta \u00een fi\u0219a postului?<\/p><\/div>\n<p style=\"text-align: justify;\"><strong>3.\u00a0Abaterile<\/strong><\/p>\n<p style=\"text-align: justify;\">Ni s-au cerut c\u0103r\u021bile de identitate\u00a0pentru a fi verificate \u00een baza de date. \u00centre timp, Garcea a comunicat prin telefon\u00a0el \u0219tie cu cine (da, exist\u0103 telefonie prin satelit la Regia, ceea ce \u00eenseamn\u0103 c\u0103 \u00een cur\u00e2nd va exista \u0219i wi-fi pentru turi\u0219i, nu-i a\u0219a?), \u0219i, \u00een marea lui generozitate (sau a superiorului s\u0103u), a decis c\u0103 ne d\u0103 sanc\u021biune cu avertisment scris, nu ne amendeaz\u0103. S-a dus s\u0103 scrie procesul verbal \u0219i, pentru c\u0103 trecuser\u0103 multe minute iar el nu scria nimic, ci doar vorbea la telefon, ne-am dus s\u0103 vedem zidul de beton.<\/p>\n<div id=\"attachment_1158\" style=\"width: 1034px\" class=\"wp-caption aligncenter\"><img aria-describedby=\"caption-attachment-1158\" loading=\"lazy\" class=\"wp-image-1158 size-large\" src=\"http:\/\/dacica.ro\/aurora\/wp-content\/uploads\/2015\/11\/IMG_9021_resize-1024x683.jpg\" alt=\"IMG_9021_resize\" width=\"1024\" height=\"683\" srcset=\"http:\/\/dacica.ro\/aurora\/wp-content\/uploads\/2015\/11\/IMG_9021_resize-1024x683.jpg 1024w, http:\/\/dacica.ro\/aurora\/wp-content\/uploads\/2015\/11\/IMG_9021_resize-300x200.jpg 300w, http:\/\/dacica.ro\/aurora\/wp-content\/uploads\/2015\/11\/IMG_9021_resize-1080x720.jpg 1080w, http:\/\/dacica.ro\/aurora\/wp-content\/uploads\/2015\/11\/IMG_9021_resize-600x400.jpg 600w, http:\/\/dacica.ro\/aurora\/wp-content\/uploads\/2015\/11\/IMG_9021_resize-88x60.jpg 88w, http:\/\/dacica.ro\/aurora\/wp-content\/uploads\/2015\/11\/IMG_9021_resize.jpg 1800w\" sizes=\"(max-width: 1024px) 100vw, 1024px\" \/><p id=\"caption-attachment-1158\" class=\"wp-caption-text\">Betoane proaspete la Sarmizegetusa Regia<\/p><\/div>\n<p style=\"text-align: justify;\">A\u0219tept\u00e2nd s\u0103 vin\u0103 sanc\u021biunea,\u00a0ne-am f\u0103cut planuri cum s\u0103 ajungem \u00eenapoi la ma\u0219in\u0103 f\u0103r\u0103 s\u0103 mai trecem prin zona interzis\u0103. Mihai a propus s\u0103 urc\u0103m spre nord din zona sacr\u0103 pe traseul cu cruce ro\u0219ie, spre Godeanu, p\u00e2n\u0103 la drumul forestier, s\u0103 mergem pe drum o vreme, pe sub Godeanu, p\u00e2n\u0103 d\u0103deam de o muchie pe care s\u0103 cobor\u00e2m \u00een vale.\u00a0Era un traseu mai scurt dec\u00e2t cel pe Dealul Gr\u0103di\u0219tii p\u00e2n\u0103 \u00een lunc\u0103, \u0219i de acolo pe vale p\u00e2n\u0103 la ma\u0219in\u0103, care avea\u00a0vreo 8-9 km. Ziua era scurt\u0103, iar noi ajunseser\u0103m \u00een sit destul de t\u00e2rziu. Dar, indiferent pe unde ne-am fi \u00eentors (mai pu\u021bin pe traseul pe care venisem) ne-ar fi prins noaptea pe drum.<\/p>\n<p style=\"text-align: justify;\">Au trecut multe minute, cel pu\u021bin vreo 20, p\u00e2n\u0103 a reap\u0103rut individul cu c\u0103ciul\u0103. Ne-a comunicat sec c\u0103, dat fiind c\u0103 am venit \u00een timpul programului \u0219i ne-am cump\u0103rat bilete, totul este \u00een regul\u0103. Ne-am uitat t\u00e2mp unii la al\u021bii. Adic\u0103 n-am \u00eenc\u0103lcat nici un regulament? Nu, n-am \u00eenc\u0103lcat. \u0218i se poate veni pe traseul de pe Valea Godeanului? Da, se poate veni, cu condi\u021bia s\u0103 fie \u00een timpul programului \u0219i s\u0103-\u021bi iei bilet. Bun, \u00eentreb, \u0219i atunci ce a fost toat\u0103 tevatura din p\u0103dure, de ce a\u021bi venit acolo? <em>\u201eDoar patrulam prin zon\u0103\u201d.<\/em> Dar a\u021bi \u00een\u021beles, p\u00e2n\u0103 la urm\u0103, care a fost inten\u021bia noastr\u0103, de ce eram \u00een acel loc?<em> \u201eEu am \u00een\u021beles ce mi-a\u021bi spus; ce avea\u021bi \u00een inten\u021bie, doar dvs. \u0219ti\u021bi\u201d<\/em> (!). \u00cen concluzie, ne putem \u00eentoarce la ma\u0219in\u0103 pe acela\u0219i traseu? <em>\u201eDa, dar s\u0103 nu mai trece\u021bi prin zona administrat\u0103\u201d<\/em>. Grrr! Deci nu e abatere\u00a0s\u0103 vii \u00een sit prin zona administrat\u0103, dar e abatere dac\u0103 ie\u0219i\u00a0din sit pe acolo? <em>\u201eNu e abatere\u00a0dac\u0103 e \u00een timpul programului \u0219i ave\u021bi bilet\u201d.<\/em>\u00a0A\u021bi \u00een\u021beles, da? Nu i-am pus la \u00eencercare vigilen\u021ba, ci doar inteligen\u021ba. \u0218i a lui, \u0219i a superiorilor lui.<\/p>\n<div id=\"attachment_1164\" style=\"width: 1034px\" class=\"wp-caption aligncenter\"><img aria-describedby=\"caption-attachment-1164\" loading=\"lazy\" class=\"wp-image-1164 size-large\" src=\"http:\/\/dacica.ro\/aurora\/wp-content\/uploads\/2015\/11\/IMG_9014_resizeb-1024x739.jpg\" alt=\"IMG_9014_resizeb\" width=\"1024\" height=\"739\" srcset=\"http:\/\/dacica.ro\/aurora\/wp-content\/uploads\/2015\/11\/IMG_9014_resizeb-1024x739.jpg 1024w, http:\/\/dacica.ro\/aurora\/wp-content\/uploads\/2015\/11\/IMG_9014_resizeb-300x216.jpg 300w, http:\/\/dacica.ro\/aurora\/wp-content\/uploads\/2015\/11\/IMG_9014_resizeb-1080x779.jpg 1080w, http:\/\/dacica.ro\/aurora\/wp-content\/uploads\/2015\/11\/IMG_9014_resizeb.jpg 1794w\" sizes=\"(max-width: 1024px) 100vw, 1024px\" \/><p id=\"caption-attachment-1164\" class=\"wp-caption-text\">Mihai (st\u00e2nga), perplex \u00een fa\u021ba deciziei jandarmului, \u0219i Norman (dreapta); \u00eentre ei, agentul cel impertinent<\/p><\/div>\n<p style=\"text-align: justify;\">Eram la limita nervilor. Am decis s\u0103 mergem pe traseul stabilit de noi, pe poteca\u00a0marcat\u0103, pentru a nu mai exista nici un fel de discu\u021bii. \u00a0Nu cred c\u0103 ne-au crezut c\u0103 vom urca pe Muchia Cet\u0103\u021bii, dat fiind c\u0103 se apropia \u00eenserarea. Am traversat scurt situl, am constatat c\u0103 drumul pavat era invizibil sub covorul de frunze (dac\u0103 tot sunt turi\u0219ti pu\u021bini, de ce s\u0103 se mai deranjeze cei 5 \u00eengrijitori de spa\u021bii verzi angaja\u021bi ai Administra\u021biei?) \u0219i am \u00eenceput urcarea.<\/p>\n<div id=\"attachment_1166\" style=\"width: 1034px\" class=\"wp-caption aligncenter\"><img aria-describedby=\"caption-attachment-1166\" loading=\"lazy\" class=\"wp-image-1166 size-large\" src=\"http:\/\/dacica.ro\/aurora\/wp-content\/uploads\/2015\/11\/IMG_9028_resize-1024x677.jpg\" alt=\"IMG_9028_resize\" width=\"1024\" height=\"677\" srcset=\"http:\/\/dacica.ro\/aurora\/wp-content\/uploads\/2015\/11\/IMG_9028_resize-1024x677.jpg 1024w, http:\/\/dacica.ro\/aurora\/wp-content\/uploads\/2015\/11\/IMG_9028_resize-300x198.jpg 300w, http:\/\/dacica.ro\/aurora\/wp-content\/uploads\/2015\/11\/IMG_9028_resize-1080x715.jpg 1080w\" sizes=\"(max-width: 1024px) 100vw, 1024px\" \/><p id=\"caption-attachment-1166\" class=\"wp-caption-text\">Drumul pavat nem\u0103turat<\/p><\/div>\n<p style=\"text-align: justify;\"><strong>4. Traseul de \u00eentoarcere<\/strong><\/p>\n<p style=\"text-align: justify;\">Am urcat deasupra sitului, pe traseul cu cruce ro\u0219ie, p\u00e2n\u0103 la\u00a0drumul forestier. Am mai mers ceva vreme\u00a0pe drum, p\u00e2n\u0103 am g\u0103sit muchia pe care o c\u0103utam, \u0219i am \u00eenceput cobor\u00e2rea cu pu\u021bin \u00eenainte de a se \u00eensera.<\/p>\n<div id=\"attachment_1167\" style=\"width: 1034px\" class=\"wp-caption aligncenter\"><img aria-describedby=\"caption-attachment-1167\" loading=\"lazy\" class=\"wp-image-1167 size-large\" src=\"http:\/\/dacica.ro\/aurora\/wp-content\/uploads\/2015\/11\/IMG_9038_resize-1024x683.jpg\" alt=\"IMG_9038_resize\" width=\"1024\" height=\"683\" srcset=\"http:\/\/dacica.ro\/aurora\/wp-content\/uploads\/2015\/11\/IMG_9038_resize-1024x683.jpg 1024w, http:\/\/dacica.ro\/aurora\/wp-content\/uploads\/2015\/11\/IMG_9038_resize-300x200.jpg 300w, http:\/\/dacica.ro\/aurora\/wp-content\/uploads\/2015\/11\/IMG_9038_resize-1080x720.jpg 1080w, http:\/\/dacica.ro\/aurora\/wp-content\/uploads\/2015\/11\/IMG_9038_resize-600x400.jpg 600w, http:\/\/dacica.ro\/aurora\/wp-content\/uploads\/2015\/11\/IMG_9038_resize-88x60.jpg 88w, http:\/\/dacica.ro\/aurora\/wp-content\/uploads\/2015\/11\/IMG_9038_resize.jpg 1800w\" sizes=\"(max-width: 1024px) 100vw, 1024px\" \/><p id=\"caption-attachment-1167\" class=\"wp-caption-text\">\u00cenceputul urcu\u0219ului pe Muchia Cet\u0103\u021bii<\/p><\/div>\n<p style=\"text-align: justify;\">Am cobor\u00e2t o mic\u0103 parte din drum pe lumin\u0103, pe un teren dificil, cu copaci c\u0103zu\u021bi, tufe de spini, zone abrupte sau surpate, iar restul drumului pe bezn\u0103, la lumina telefonului. Nu eram preg\u0103ti\u021bi pentru a\u0219a ceva. Nu aveam la noi nici m\u00e2ncare, nici ap\u0103, nici lanterne, nici echipament corespunz\u0103tor. Dup\u0103 ce am biruit cobor\u00e2rea periculoas\u0103, am ajuns \u00een albia unui torent furios \u0219i am luat-o la vale, pe cascade \u0219i prin bulboane, tot la lumina telefonului,\u00a0p\u00e2n\u0103 am ie\u0219it \u00een drum. Se vede \u00een poza de jos \u00een ce hal eram la \u00eencheierea traseului. Dar suficient de amuzat\u0103 de absurdul zilei care se \u00eencheia. La bariera de la Coste\u0219ti ne a\u0219tepta un ciopor de paznici, care ne-au oprit chipurile s\u0103 ne \u00eenregistreze\u00a0permisul de trecere. \u00cen mod normal nu e nimeni la ora aia la barier\u0103.<\/p>\n<div id=\"attachment_1160\" style=\"width: 769px\" class=\"wp-caption aligncenter\"><img aria-describedby=\"caption-attachment-1160\" loading=\"lazy\" class=\"wp-image-1160 size-large\" src=\"http:\/\/dacica.ro\/aurora\/wp-content\/uploads\/2015\/11\/IMG_9043b_resize-759x1024.jpg\" alt=\"IMG_9043b_resize\" width=\"759\" height=\"1024\" srcset=\"http:\/\/dacica.ro\/aurora\/wp-content\/uploads\/2015\/11\/IMG_9043b_resize-759x1024.jpg 759w, http:\/\/dacica.ro\/aurora\/wp-content\/uploads\/2015\/11\/IMG_9043b_resize-222x300.jpg 222w, http:\/\/dacica.ro\/aurora\/wp-content\/uploads\/2015\/11\/IMG_9043b_resize-1080x1457.jpg 1080w, http:\/\/dacica.ro\/aurora\/wp-content\/uploads\/2015\/11\/IMG_9043b_resize.jpg 1186w\" sizes=\"(max-width: 759px) 100vw, 759px\" \/><p id=\"caption-attachment-1160\" class=\"wp-caption-text\">\u00cenapoi la cap\u0103tul potecii \u201eneomologate\u201d<\/p><\/div>\n<p style=\"text-align: justify;\">A fost o experien\u021b\u0103 ie\u0219it\u0103 din comun. Nu am cuvinte s\u0103 povestesc, pentru c\u0103 nu e de povestit. A fost o alegere dictat\u0103 de un context stupid, care, f\u0103r\u0103 exagerare, ne-a pus via\u021ba \u00een pericol, lucru care s-ar fi \u00eent\u00e2mplat pe orice cale\u00a0ne-am fi \u00eentors la ora aia, cu excep\u021bia potecii pe care venisem \u0219i care trecea prin zona administrat\u0103 pe un traseu, chipurile, neomologat. Dup\u0103\u00a0episodul cu stupidul\u00a0reprezentant al administra\u021biei, dup\u0103 experien\u021ba cu regulamentul \u0219i mai stupid, pentru mine\u00a0a fost o victorie\u00a0s\u0103 nu mai trec prin zona militarizat\u0103, nemarcat\u0103 \u0219i \u201eneomologat\u0103\u201d a sitului pe care \u00eel studiez de at\u00e2\u021bia ani.<\/p>\n<p style=\"text-align: justify;\"><strong>5.\u00a0L\u0103muriri<\/strong><\/p>\n<p style=\"text-align: justify;\">S\u0103 ne \u00eentoarcem acum la cele dou\u0103 abateri\u00a0pe care \u00eent\u00e2i le-am comis, apoi nu le-am comis.<\/p>\n<p style=\"text-align: justify;\">1.\u00a0<a href=\"http:\/\/www.cjhunedoara.ro\/documente\/hotarari\/HOT%20SCANATE%20SEPT%202014\/HCJ186.PDF\" target=\"_blank\">Hot\u0103r\u00e2rea nr. 186<\/a>, invocat\u0103 de individul cu c\u0103ciul\u0103 neagr\u0103, este de fapt regulamentul de vizitare a sitului (ce surpriz\u0103, nu-i a\u0219a?), pe care \u00eel \u0219tiam pe dinafar\u0103 \u0219i care e afi\u0219at \u0219i la intrarea \u00een sit. Tocmai din pricina acelei hot\u0103r\u00e2ri am \u00eencercat s\u0103 ocolim zona. Textul nu spune <strong>nimic<\/strong> de zona administrat\u0103, nici de <em>A<\/em>-uri pe copaci. Spune doar c\u0103 intrarea \u00een sit se face numai\u00a0<em>\u201eprin locurile \u0219i pe traseele stabilite \u0219i marcate\u201d<\/em>. At\u00e2t. Nu rezult\u0103 de nic\u0103ieri care sunt alea, cine le-a stabilit, cum le-a marcat \u0219i cum s-a adus la cuno\u0219tin\u021ba vizitatorilor care sunt acele marcaje, pentru a nu fi \u00eenc\u0103lcate. Am adresat o solicitare administra\u021biei sitului, prin care am cerut de urgen\u021b\u0103 l\u0103muriri. Au trecut aproape trei s\u0103pt\u0103m\u00e2ni. \u00cenc\u0103 a\u0219tept.<\/p>\n<p style=\"text-align: justify;\">2. Traseul din Valea Godeanului este un traseu omologat de Autoritatea Na\u021bional\u0103 pentru Turism (mul\u021bumesc \u00a0pentru informa\u021bii\u00a0dlui Liviu Rovin\u0103, care mi-a comunicat c\u0103 \u0219i rangerilor Parcului li s-a interzis s\u0103 intre pe acel traseu). Apare pe h\u0103r\u021bile turistice, eu l-am v\u0103zut pe harta mun\u021bilor \u0218ureanu. Sigur c\u0103 asta e o problem\u0103 pentru administra\u021bia Sarmizegetusei, care, dup\u0103 spusele jandarmului, acum se str\u0103duie\u0219te\u00a0s\u0103 devieze <a href=\"http:\/\/gradiste.ro\/trasee.html\" target=\"_blank\">traseul cu cruce ro\u0219ie<\/a> (cel pe care am ie\u0219it noi din sit), care traverseaz\u0103 situl\u00a0\u0219i care a fost g\u00e2ndit anume s\u0103 includ\u0103 Sarmizegetusa, mai ales c\u0103 suprapune pe o bun\u0103 por\u021biune\u00a0un str\u0103vechi drum dacic. Deci s\u0103 dispar\u0103 toate traseele turistice \u0219i, dac\u0103 se poate, \u0219i turi\u0219tii: s\u0103 fie devia\u021bi prin pr\u0103p\u0103stiile de pe al\u0103turi, eventual pe unde am mers noi.<\/p>\n<p style=\"text-align: justify;\">\u00cen sf\u00e2r\u0219it, ar merita ad\u0103ugat c\u0103 \u00een Regulamentul cel inteligent se arat\u0103 c\u0103 pot constata \u0219i sanc\u021biona contraven\u021biile doar cei \u00eemputernici\u021bi de pre\u0219edintele Consiliului Jude\u021bean, iar \u00een procesul-verbal anexat la Regulament se spune c\u0103 de fapt contraven\u021biile sunt constatate \u0219i sanc\u021bionate de angaja\u021bii Serviciului Public de Adminsitrare a Monumentelor Istorice. Serviciul are 10 angaja\u021bi: 1 \u0219ef, 1 administrator, 1 jurist, 2 consilieri \u0219i 5 \u00eengrijitori spa\u021bii verzi. Sunt curioas\u0103 care dintre ace\u0219tia sunt \u00eemputernici\u021bi \u0219i de ce, totu\u0219i, nu ei sunt cei care aplic\u0103 regulamentul, ci jandarmii (care, nu-i a\u0219a, nu sunt angaja\u021bii Serviciului, fiind angaja\u021bi ai MAI). Am cerut l\u0103muriri \u00een acest sens de la Serviciul cu pricina, dar \u00eenc\u0103 nu am primit r\u0103spuns. A\u0219tept.<\/p>\n<p style=\"text-align: justify;\">Acuma stau \u0219i m\u0103 \u00eentreb ce s-a \u00eent\u00e2mplat de fapt: am \u00eenc\u0103lcat s-au n-am \u00eenc\u0103lcat regulamentul? Eu cred c\u0103 regulamentul este at\u00e2t de idiot, \u00eenc\u00e2t nici ei nu \u0219tiu ce au scris \u00een el \u0219i cum se aplic\u0103, fapt care duce la abuzuri. \u00cen plus, habar n-au care sunt traseele omologate. Au impus ni\u0219te reguli stupide, f\u0103r\u0103 s\u0103 g\u00e2ndeasc\u0103 prea mult, \u0219i au trasnformat frumuse\u021bea aia de sit \u00eentr-o \u00eenchisoare.<\/p>\n<p style=\"text-align: justify;\">Nu a\u0219 neglija nici faptul c\u0103 eram foarte bine cunoscu\u021bi \u0219i, de\u0219i nu ne a\u0219teptam la tratament preferen\u021bial,\u00a0ne-am fi a\u0219teptat s\u0103 fim scuti\u021bi de suspiciuni \u0219i tratament umilitor (oare s\u0103 reamintesc c\u0103 eram doi arheologi \u00een vizit\u0103 \u00eentr-un sit arheologic, iar unul dintre ei, adic\u0103 eu, cu un doctorat \u00een curs despre acel sit?). C\u0103 nu s-a \u00eent\u00e2mplat a\u0219a, mie \u00eemi ridic\u0103 ni\u0219te semne de \u00eentrebare cu privire nu doar la IQ-ul \u0219i caracterul jandarmilor\/paznicilor, ci \u0219i la ordinele pe care le primesc \u0219i le execut\u0103 acei indivizi.<\/p>\n<p style=\"text-align: justify;\">Urmeaz\u0103 interven\u021biile legale\u00a0pentru l\u0103murirea acestui incident \u0219i sanc\u021bionarea vinova\u021bilor.<\/p>\n<p style=\"text-align: justify;\"><a href=\"http:\/\/dacica.ro\/blog\/?p=880\" target=\"_blank\">AICI <\/a>este varianta oficial\u0103 a pove\u0219tii, comunicatul \u00een care am sintetizat datele incidentului din 11 noiembrie \u0219i pozi\u021bia Funda\u021biei Dacica cu privire la acest incident.<\/p>\n<p style=\"text-align: justify;\">UPDATE 1 octombrie 2016: \u00eentre timp s-a schimbat regulamentul de vizitare, iar poteca incriminat\u0103 a fost declarat\u0103 oficial cale (secundar\u0103) de acces \u00een sit. Ce coinciden\u021b\u0103&#8230;<\/p>\n","protected":false},"excerpt":{"rendered":"<p>Patru \u201einfractori periculo\u0219i\u201d (doi arheologi, un arhitect \u0219i un avocat) au urcat la Sarmizegetusa Regia pe poteca din Valea Godeanului. Prilej cu care am constatat c\u0103 regulamentul de vizitare este stupid \u0219i favorizeaz\u0103 abuzurile. <\/p>\n","protected":false},"author":1,"featured_media":1139,"comment_status":"open","ping_status":"open","sticky":false,"template":"","format":"standard","meta":{"_mi_skip_tracking":false},"categories":[6],"tags":[42,87,82,86,5,51],"_links":{"self":[{"href":"http:\/\/dacica.ro\/aurora\/wp-json\/wp\/v2\/posts\/1135"}],"collection":[{"href":"http:\/\/dacica.ro\/aurora\/wp-json\/wp\/v2\/posts"}],"about":[{"href":"http:\/\/dacica.ro\/aurora\/wp-json\/wp\/v2\/types\/post"}],"author":[{"embeddable":true,"href":"http:\/\/dacica.ro\/aurora\/wp-json\/wp\/v2\/users\/1"}],"replies":[{"embeddable":true,"href":"http:\/\/dacica.ro\/aurora\/wp-json\/wp\/v2\/comments?post=1135"}],"version-history":[{"count":71,"href":"http:\/\/dacica.ro\/aurora\/wp-json\/wp\/v2\/posts\/1135\/revisions"}],"predecessor-version":[{"id":1943,"href":"http:\/\/dacica.ro\/aurora\/wp-json\/wp\/v2\/posts\/1135\/revisions\/1943"}],"wp:featuredmedia":[{"embeddable":true,"href":"http:\/\/dacica.ro\/aurora\/wp-json\/wp\/v2\/media\/1139"}],"wp:attachment":[{"href":"http:\/\/dacica.ro\/aurora\/wp-json\/wp\/v2\/media?parent=1135"}],"wp:term":[{"taxonomy":"category","embeddable":true,"href":"http:\/\/dacica.ro\/aurora\/wp-json\/wp\/v2\/categories?post=1135"},{"taxonomy":"post_tag","embeddable":true,"href":"http:\/\/dacica.ro\/aurora\/wp-json\/wp\/v2\/tags?post=1135"}],"curies":[{"name":"wp","href":"https:\/\/api.w.org\/{rel}","templated":true}]}}