{"id":2420,"date":"2017-01-08T09:24:45","date_gmt":"2017-01-08T07:24:45","guid":{"rendered":"http:\/\/dacica.ro\/aurora\/?p=2420"},"modified":"2018-01-08T15:46:27","modified_gmt":"2018-01-08T13:46:27","slug":"drum-pavat-sarmizegetusa-regia","status":"publish","type":"post","link":"http:\/\/dacica.ro\/aurora\/drum-pavat-sarmizegetusa-regia\/","title":{"rendered":"Cum a devenit \u201edrum pavat\u201d scara de piatr\u0103 de la Sarmizegetusa Regia"},"content":{"rendered":"<p style=\"text-align: justify;\">Drumul pavat \u00a0este unul dintre cele mai spectaculoase \u0219i mai iubite monumente ale\u00a0Sarmizegetusei Regia. Cred c\u0103 pu\u021bini sunt turi\u0219tii care nu se opresc s\u0103 \u00eel admire \u0219i fotografieze c\u00e2nd coboar\u0103 spre zona sacr\u0103. \u00cen zecile de vizite pe care le-am f\u0103cut \u00een ultimii ani \u00een sit am auzit adesea exclama\u021bii de uimire \u0219i admira\u021bie \u00een fa\u021ba spectaculosului drum de piatr\u0103. Numai c\u0103 pu\u021bini sunt cei care \u0219tiu c\u0103 acela nu este un drum pavat, ci o trist\u0103 reconstruc\u021bie modern\u0103, falsificat\u0103, a str\u0103vechii sc\u0103ri dacice de piatr\u0103 ce cobora la temple.<\/p>\n<p><a href=\"http:\/\/dacica.ro\/aurora\/wp-content\/uploads\/2016\/12\/images2.png\"><img loading=\"lazy\" class=\"aligncenter wp-image-2195\" src=\"http:\/\/dacica.ro\/aurora\/wp-content\/uploads\/2016\/12\/images2.png\" alt=\"images2\" width=\"117\" height=\"39\" \/><\/a><\/p>\n<p style=\"text-align: center;\"><strong>Scara de piatr\u0103<\/strong><\/p>\n<p style=\"text-align: justify;\">Anul primelor mari descoperiri de la Sarmizegetusa Regia, 1950, aducea pentru prima oar\u0103 \u00een aten\u021bia publicului \u0219i a lumii \u0219tiin\u021bifice existen\u021ba unui pavaj monumental care lega fortifica\u021bia\u00a0de zona sacr\u0103. Ascuns sub un stras gros de p\u0103m\u00e2nt, pavajul nu fusese identificat de cercet\u0103rile sporadice anterioare sau de r\u0103v\u0103\u0219irile c\u0103ut\u0103torilor de comori. Lucru firesc, pentru c\u0103 magnifica amenajare fusese dezafectat\u0103 \u0219i acoperit\u0103 cu p\u0103m\u00e2nt \u00eenc\u0103 din Antichitate.<\/p>\n<p style=\"text-align: justify;\">Conform descrierilor din rapoartele arheologice, e vorba de o scar\u0103 de piatr\u0103 cu trepte scunde, din dale de calcar, lat\u0103 de cinci metri \u0219i m\u0103rginit\u0103 de o balustrad\u0103, pe care se presupune c\u0103 se sprijinea o galerie de lemn. Pavajul venea dinspre poarta estic\u0103 a fortifica\u021biei \u0219i cobora spre temple, unde se ramifica: un bra\u021b se \u00eendrepta spre tempul de pe terasa X, altul cobora pe terasa XI, unde se l\u0103rgea, form\u00e2nd o pia\u021bet\u0103 pavat\u0103 \u00een dreptul marelui templu circular.<\/p>\n<p style=\"text-align: justify;\">Dup\u0103 dezvelire, arheologul Constantin Daicoviciu a decis s\u0103 lase vizibil\u0103 o por\u021biune de cca 40 m, cea mai bine p\u0103strat\u0103, \u0219i o parte din pia\u021beta pavat\u0103, restul fiind acoperit cu p\u0103m\u00e2nt, pentru conservare.<\/p>\n<p style=\"text-align: justify;\"><a href=\"http:\/\/dacica.ro\/aurora\/wp-content\/uploads\/2017\/01\/Sarmizegetusa-Regia_Drum-pavat.jpg\"><img loading=\"lazy\" class=\"aligncenter size-full wp-image-2427\" src=\"http:\/\/dacica.ro\/aurora\/wp-content\/uploads\/2017\/01\/Sarmizegetusa-Regia_Drum-pavat.jpg\" alt=\"sarmizegetusa-regia_drum-pavat\" width=\"960\" height=\"917\" srcset=\"http:\/\/dacica.ro\/aurora\/wp-content\/uploads\/2017\/01\/Sarmizegetusa-Regia_Drum-pavat.jpg 960w, http:\/\/dacica.ro\/aurora\/wp-content\/uploads\/2017\/01\/Sarmizegetusa-Regia_Drum-pavat-300x287.jpg 300w, http:\/\/dacica.ro\/aurora\/wp-content\/uploads\/2017\/01\/Sarmizegetusa-Regia_Drum-pavat-768x734.jpg 768w\" sizes=\"(max-width: 960px) 100vw, 960px\" \/><\/a><\/p>\n<p style=\"text-align: justify;\">Fotografiile din anii &#8217;50 arat\u0103 aceast\u0103 scar\u0103 \u00eentr-o stare destul de conservare destul de bun\u0103, cu treptele vizibile. Din p\u0103cate, nu s-a luat nici o m\u0103sur\u0103 de conservare, pavajul fiind l\u0103sat \u00een voia \u00a0sor\u021bii \u0219i a precipita\u021biilor. \u00cen 1971 Hadrian Daicoviciu spunea cu am\u0103r\u0103ciune:<\/p>\n<blockquote>\n<p style=\"text-align: justify;\">\u201ePor\u021biunea dezvelit\u0103 a drumului pavat care lega cetatea de incinta sacr\u0103 este de nerecunoscut: lespezile de calcar ale pavajului au fost \u00een bun\u0103 parte erodate de ap\u0103\u201d.<\/p>\n<\/blockquote>\n<p style=\"text-align: justify;\">Situa\u021bia avea s\u0103 se agraveze \u00een anii urm\u0103tori, dintr-un motiv pe care \u00eel afl\u0103m de la arhitectul care s-a ocupat ulterior de restaurarea sc\u0103rii: sub pavaj se afla un strat impermeabil de lut, iar apa stagna sub dale, \u00een lipsa unui drenaj.<\/p>\n<p><a href=\"http:\/\/dacica.ro\/aurora\/wp-content\/uploads\/2016\/12\/images2.png\"><img loading=\"lazy\" class=\"aligncenter wp-image-2195\" src=\"http:\/\/dacica.ro\/aurora\/wp-content\/uploads\/2016\/12\/images2.png\" alt=\"images2\" width=\"117\" height=\"39\" \/><\/a><\/p>\n<p style=\"text-align: center;\"><strong>\u201eDrumul lui C\u0103linescu\u201d<\/strong><\/p>\n<p style=\"text-align: justify;\">Marele proiect de conservare \u0219i restaurare a Sarmizegetusei Regia din anii 1979-1980, continuat cu suflu mai restr\u00e2ns \u00een anii urm\u0103tori, a vizat \u0219i scara de piatr\u0103. Arhitectul Cristian C\u0103linescu este cel care a analizat situa\u021bia \u00een care se afla pavajul \u0219i a venit cu solu\u021bia de restaurare. El a propus efectuarea de drenaje, consolidarea taluzurilor, demontarea pavajului \u0219i remontarea lui cu plombele necesare, confec\u021bionate din calcar de Podeni (care ast\u0103zi este deja \u00een mare parte deteriorat), pentru c\u0103 existau multe piese lips\u0103. C\u00e2nd \u00eens\u0103 au fost scoase dalele, a avut surpriza s\u0103 constate c\u0103 cele mai multe erau at\u00e2t de deteriorate pe partea inferioar\u0103, din pricina stagn\u0103rii apei, \u00eenc\u00e2t nu mai puteau fi folosite la reconstruc\u021bia sc\u0103rii. A\u0219a se face c\u0103 ast\u0103zi mai sunt pu\u021bine elemente originale \u00een structura monumentului.<\/p>\n<div id=\"attachment_2436\" style=\"width: 1034px\" class=\"wp-caption aligncenter\"><a href=\"http:\/\/dacica.ro\/aurora\/wp-content\/uploads\/2017\/01\/drum-pavat-situatie.jpg\"><img aria-describedby=\"caption-attachment-2436\" loading=\"lazy\" class=\"wp-image-2436 size-large\" src=\"http:\/\/dacica.ro\/aurora\/wp-content\/uploads\/2017\/01\/drum-pavat-situatie-1024x338.jpg\" alt=\"drum-pavat-situatie\" width=\"1024\" height=\"338\" srcset=\"http:\/\/dacica.ro\/aurora\/wp-content\/uploads\/2017\/01\/drum-pavat-situatie-1024x338.jpg 1024w, http:\/\/dacica.ro\/aurora\/wp-content\/uploads\/2017\/01\/drum-pavat-situatie-300x99.jpg 300w, http:\/\/dacica.ro\/aurora\/wp-content\/uploads\/2017\/01\/drum-pavat-situatie-768x253.jpg 768w, http:\/\/dacica.ro\/aurora\/wp-content\/uploads\/2017\/01\/drum-pavat-situatie-1080x356.jpg 1080w\" sizes=\"(max-width: 1024px) 100vw, 1024px\" \/><\/a><p id=\"caption-attachment-2436\" class=\"wp-caption-text\">Situa\u021bia pavajului \u00eenainte de restaurare. Arhiva Institutului Na\u021bional al Patrimoniului<\/p><\/div>\n<p>&nbsp;<\/p>\n<div id=\"attachment_2435\" style=\"width: 1034px\" class=\"wp-caption aligncenter\"><a href=\"http:\/\/dacica.ro\/aurora\/wp-content\/uploads\/2017\/01\/drum-pavat-refacut.jpg\"><img aria-describedby=\"caption-attachment-2435\" loading=\"lazy\" class=\"wp-image-2435 size-large\" src=\"http:\/\/dacica.ro\/aurora\/wp-content\/uploads\/2017\/01\/drum-pavat-refacut-1024x326.jpg\" alt=\"drum-pavat-refacut\" width=\"1024\" height=\"326\" srcset=\"http:\/\/dacica.ro\/aurora\/wp-content\/uploads\/2017\/01\/drum-pavat-refacut-1024x326.jpg 1024w, http:\/\/dacica.ro\/aurora\/wp-content\/uploads\/2017\/01\/drum-pavat-refacut-300x96.jpg 300w, http:\/\/dacica.ro\/aurora\/wp-content\/uploads\/2017\/01\/drum-pavat-refacut-768x245.jpg 768w, http:\/\/dacica.ro\/aurora\/wp-content\/uploads\/2017\/01\/drum-pavat-refacut-1080x344.jpg 1080w\" sizes=\"(max-width: 1024px) 100vw, 1024px\" \/><\/a><p id=\"caption-attachment-2435\" class=\"wp-caption-text\">Situa\u021bia pavajului dup\u0103 restaurare. Arhiva Institutului Na\u021bional al Patrimoniului (cu negru, dalele originale)<\/p><\/div>\n<div id=\"attachment_2447\" style=\"width: 1034px\" class=\"wp-caption aligncenter\"><a href=\"http:\/\/dacica.ro\/aurora\/wp-content\/uploads\/2017\/01\/Drum-pavat_plombe.jpg\"><img aria-describedby=\"caption-attachment-2447\" loading=\"lazy\" class=\"wp-image-2447 size-large\" src=\"http:\/\/dacica.ro\/aurora\/wp-content\/uploads\/2017\/01\/Drum-pavat_plombe-1024x616.jpg\" alt=\"drum-pavat_plombe\" width=\"1024\" height=\"616\" srcset=\"http:\/\/dacica.ro\/aurora\/wp-content\/uploads\/2017\/01\/Drum-pavat_plombe-1024x616.jpg 1024w, http:\/\/dacica.ro\/aurora\/wp-content\/uploads\/2017\/01\/Drum-pavat_plombe-300x180.jpg 300w, http:\/\/dacica.ro\/aurora\/wp-content\/uploads\/2017\/01\/Drum-pavat_plombe-768x462.jpg 768w, http:\/\/dacica.ro\/aurora\/wp-content\/uploads\/2017\/01\/Drum-pavat_plombe-1080x650.jpg 1080w, http:\/\/dacica.ro\/aurora\/wp-content\/uploads\/2017\/01\/Drum-pavat_plombe.jpg 1852w\" sizes=\"(max-width: 1024px) 100vw, 1024px\" \/><\/a><p id=\"caption-attachment-2447\" class=\"wp-caption-text\">Dale originale (\u00een centru) \u0219i replici din calcar de Podeni<\/p><\/div>\n<p style=\"text-align: justify;\">Ceea ce este \u00eens\u0103 \u0219ocant \u00een solu\u021bia aleas\u0103 de arhitect (\u0219i aprobat\u0103 de arheologi?) este eliminarea treptelor \u0219i reamenajarea pavajului \u00eentr-un singur plan, care astfel s-a transformat \u00een \u201edrum\u201d: drumul care ast\u0103zi \u00eei uime\u0219te pe turi\u0219ti \u0219i \u00eei face s\u0103 \u00ee\u0219i imagineze lucruri care nu au existat \u00een Antichitate. \u201eDrumul lui C\u0103linescu\u201d.<\/p>\n<div id=\"attachment_2440\" style=\"width: 1034px\" class=\"wp-caption aligncenter\"><a href=\"http:\/\/dacica.ro\/aurora\/wp-content\/uploads\/2017\/01\/Sarmizegetusa-Regia_Drum-pavat_resize.jpg\"><img aria-describedby=\"caption-attachment-2440\" loading=\"lazy\" class=\"wp-image-2440 size-large\" src=\"http:\/\/dacica.ro\/aurora\/wp-content\/uploads\/2017\/01\/Sarmizegetusa-Regia_Drum-pavat_resize-1024x637.jpg\" alt=\"sarmizegetusa-regia_drum-pavat_resize\" width=\"1024\" height=\"637\" srcset=\"http:\/\/dacica.ro\/aurora\/wp-content\/uploads\/2017\/01\/Sarmizegetusa-Regia_Drum-pavat_resize-1024x637.jpg 1024w, http:\/\/dacica.ro\/aurora\/wp-content\/uploads\/2017\/01\/Sarmizegetusa-Regia_Drum-pavat_resize-300x187.jpg 300w, http:\/\/dacica.ro\/aurora\/wp-content\/uploads\/2017\/01\/Sarmizegetusa-Regia_Drum-pavat_resize-768x478.jpg 768w, http:\/\/dacica.ro\/aurora\/wp-content\/uploads\/2017\/01\/Sarmizegetusa-Regia_Drum-pavat_resize-1080x672.jpg 1080w, http:\/\/dacica.ro\/aurora\/wp-content\/uploads\/2017\/01\/Sarmizegetusa-Regia_Drum-pavat_resize.jpg 1556w\" sizes=\"(max-width: 1024px) 100vw, 1024px\" \/><\/a><p id=\"caption-attachment-2440\" class=\"wp-caption-text\">Drumul pavat \u00een prezent<\/p><\/div>\n<p style=\"text-align: justify;\">Restaurarea este un fals, iar acest lucru trebuie spus cu voce tare. Mi-e greu s\u0103 \u00een\u021beleg de ce s-a renun\u021bat la trepte. Probabil a fost mai simplu a\u0219a, de\u0219i la sumele care s-au investit cu acea ocazie, nu ar fi fost un efort at\u00e2t de mare s\u0103 se respecte forma original\u0103 a monumentului. Poate arhitectul C\u0103linescu nu a \u00een\u021beles corect ce se afl\u0103 acolo. Poate arheologii nu au fost aten\u021bi, c\u00e2nd li s-a prezentat proiectul. Poate&#8230;<\/p>\n<p style=\"text-align: justify;\">O scar\u0103 nu este acela\u0219i lucru cu un drum. Modul\u00a0de folosire difer\u0103 la cele dou\u0103, dar \u0219i semnifica\u021bia.\u00a0Sc\u0103rile monumentale sunt o caracteristic\u0103 a cet\u0103\u021bilor dacice din Mun\u021bii \u0218ureanu: cea mai spectaculoas\u0103 scar\u0103 conservat\u0103 se afl\u0103 la Piatra Ro\u0219ie (considerat\u0103 tot&#8230; drum pavat), dar exist\u0103 sc\u0103ri de piatr\u0103 conservate \u0219i la Coste\u0219ti-Cet\u0103\u021buie sau B\u0103ni\u021ba. Pentru \u00een\u021belegerea corect\u0103 a similitudinilor dintre aceste cet\u0103\u021bi \u0219i a modelelor arhitecturale, ar fi fost fundamental\u0103 p\u0103strarea formei originale a sc\u0103rii de la Sarmizegetusa Regia.<\/p>\n<div id=\"attachment_2438\" style=\"width: 1034px\" class=\"wp-caption aligncenter\"><a href=\"http:\/\/dacica.ro\/aurora\/wp-content\/uploads\/2017\/01\/Piatra-Rosie_scara-piatra.jpg\"><img aria-describedby=\"caption-attachment-2438\" loading=\"lazy\" class=\"wp-image-2438 size-large\" src=\"http:\/\/dacica.ro\/aurora\/wp-content\/uploads\/2017\/01\/Piatra-Rosie_scara-piatra-1024x680.jpg\" alt=\"piatra-rosie_scara-piatra\" width=\"1024\" height=\"680\" srcset=\"http:\/\/dacica.ro\/aurora\/wp-content\/uploads\/2017\/01\/Piatra-Rosie_scara-piatra-1024x680.jpg 1024w, http:\/\/dacica.ro\/aurora\/wp-content\/uploads\/2017\/01\/Piatra-Rosie_scara-piatra-300x199.jpg 300w, http:\/\/dacica.ro\/aurora\/wp-content\/uploads\/2017\/01\/Piatra-Rosie_scara-piatra-768x510.jpg 768w, http:\/\/dacica.ro\/aurora\/wp-content\/uploads\/2017\/01\/Piatra-Rosie_scara-piatra-1080x717.jpg 1080w, http:\/\/dacica.ro\/aurora\/wp-content\/uploads\/2017\/01\/Piatra-Rosie_scara-piatra.jpg 1200w\" sizes=\"(max-width: 1024px) 100vw, 1024px\" \/><\/a><p id=\"caption-attachment-2438\" class=\"wp-caption-text\">Scara de piatr\u0103 de la Piatra Ro\u0219ie<\/p><\/div>\n<p>Ast\u0103zi, turi\u0219tii care vin la Sarmizegetusa Regia pot citi c\u00e2teva informa\u021bii pe un panou situat \u00een cap\u0103tul de sus al \u201edrumului\u201d. Nu se spune \u00eens\u0103 c\u0103 acel drum este o reconstruc\u021bie (eronat\u0103) din 1980 a vechii sc\u0103ri de piatr\u0103. Turistul vede dalele din calcar de Podeni \u0219i se entuziasmeaz\u0103 \u00een fa\u021ba \u201edrumului\u201d.<\/p>\n<p>Toamna \u0219i iarna drumul este adesea acoperit de frunze sau z\u0103pad\u0103, iar adminsitra\u021bia sitului prefer\u0103 s\u0103 \u00eel lase a\u0219a. Vizitatorul r\u0103m\u00e2ne cu imaginea \u0219i informa\u021biile de pe panou \u0219i cu ideea unui drum drept ca \u00een palm\u0103&#8230;<\/p>\n<div id=\"attachment_1166\" style=\"width: 1034px\" class=\"wp-caption aligncenter\"><a href=\"http:\/\/dacica.ro\/aurora\/wp-content\/uploads\/2015\/11\/IMG_9028_resize.jpg\"><img aria-describedby=\"caption-attachment-1166\" loading=\"lazy\" class=\"wp-image-1166 size-large\" src=\"http:\/\/dacica.ro\/aurora\/wp-content\/uploads\/2015\/11\/IMG_9028_resize-1024x677.jpg\" alt=\"IMG_9028_resize\" width=\"1024\" height=\"677\" srcset=\"http:\/\/dacica.ro\/aurora\/wp-content\/uploads\/2015\/11\/IMG_9028_resize-1024x677.jpg 1024w, http:\/\/dacica.ro\/aurora\/wp-content\/uploads\/2015\/11\/IMG_9028_resize-300x198.jpg 300w, http:\/\/dacica.ro\/aurora\/wp-content\/uploads\/2015\/11\/IMG_9028_resize-1080x715.jpg 1080w\" sizes=\"(max-width: 1024px) 100vw, 1024px\" \/><\/a><p id=\"caption-attachment-1166\" class=\"wp-caption-text\">Drumul pavat \u00een noiembrie 2015<\/p><\/div>\n<p><a href=\"http:\/\/dacica.ro\/aurora\/wp-content\/uploads\/2016\/12\/images2.png\"><img loading=\"lazy\" class=\"aligncenter wp-image-2195\" src=\"http:\/\/dacica.ro\/aurora\/wp-content\/uploads\/2016\/12\/images2.png\" alt=\"images2\" width=\"117\" height=\"39\" \/><\/a><\/p>\n<p style=\"text-align: center;\"><strong>Reconstituirea virtual\u0103<\/strong><\/p>\n<p style=\"text-align: justify;\">De\u0219i m\u0103rginit de o balustrad\u0103 metalic\u0103 ur\u00e2t\u0103 \u0219i explicat printr-un panou cu informa\u021bii jenante, drumul pavat r\u0103m\u00e2ne, pentru vizitatorii capitalei regale, una dintre imaginile \u0219i amintirile cele mai puternice.\u00a0E greu de \u00een\u021beles de ce, dup\u0103 trei decenii \u0219i jum\u0103tate, \u00eenc\u0103 se p\u0103streaz\u0103 t\u0103cerea asupra acestui fals. Exist\u0103 o echip\u0103 t\u00e2n\u0103r\u0103 de arheologi \u0219i o administra\u021bie nou\u0103, \u00eens\u0103 turistul este \u00een continuare dezinformat.<\/p>\n<p style=\"text-align: justify;\">Pentru a oferi publicului o imagine c\u00e2t mai apropiat\u0103 de realitate a acestui monument, am colaborat cu Mihai Stancu (<a href=\"http:\/\/www.romaniadevis.ro\/dacia\/\" target=\"_blank\">Rom\u00e2nia de Vis<\/a>) la o reconstituire virtual\u0103 3D. Lipsesc multe date, pentru c\u0103 rapoartele de s\u0103p\u0103tur\u0103 sunt extrem de sumare, astfel c\u0103 pentru Mihai a fost o provocare realizarea acestui 3D. Care, desigur, are limitele sale, dar reprezint\u0103 un mare pas \u00eenainte fa\u021b\u0103 de \u201eDrumul lui C\u0103linescu\u201d.<\/p>\n<p><ul class=\"bxslider-vid\"><li><iframe width=\"1778\" height=\"1000\" src=\"https:\/\/www.youtube.com\/embed\/zUP6e2MwZds?feature=oembed\" frameborder=\"0\" gesture=\"media\" allow=\"encrypted-media\" allowfullscreen><\/iframe><\/li><\/ul><\/p>\n<p>&nbsp;<\/p>\n<p><a href=\"http:\/\/dacica.ro\/aurora\/wp-content\/uploads\/2017\/01\/incinta-sacra-sarmizegetusa-regia-reconstituire2.jpg\"><img loading=\"lazy\" class=\"aligncenter size-large wp-image-2452\" src=\"http:\/\/dacica.ro\/aurora\/wp-content\/uploads\/2017\/01\/incinta-sacra-sarmizegetusa-regia-reconstituire2-1024x476.jpg\" alt=\"incinta-sacra-sarmizegetusa-regia-reconstituire2\" width=\"1024\" height=\"476\" srcset=\"http:\/\/dacica.ro\/aurora\/wp-content\/uploads\/2017\/01\/incinta-sacra-sarmizegetusa-regia-reconstituire2-1024x476.jpg 1024w, http:\/\/dacica.ro\/aurora\/wp-content\/uploads\/2017\/01\/incinta-sacra-sarmizegetusa-regia-reconstituire2-300x139.jpg 300w, http:\/\/dacica.ro\/aurora\/wp-content\/uploads\/2017\/01\/incinta-sacra-sarmizegetusa-regia-reconstituire2-768x357.jpg 768w, http:\/\/dacica.ro\/aurora\/wp-content\/uploads\/2017\/01\/incinta-sacra-sarmizegetusa-regia-reconstituire2.jpg 1055w\" sizes=\"(max-width: 1024px) 100vw, 1024px\" \/><\/a><\/p>\n<p style=\"text-align: center;\"><a href=\"http:\/\/dacica.ro\/aurora\/wp-content\/uploads\/2017\/01\/02-drumul-pavat-acoperit.jpg\"><img loading=\"lazy\" class=\"aligncenter size-full wp-image-2421\" src=\"http:\/\/dacica.ro\/aurora\/wp-content\/uploads\/2017\/01\/02-drumul-pavat-acoperit.jpg\" alt=\"02-drumul-pavat-acoperit\" width=\"1600\" height=\"743\" srcset=\"http:\/\/dacica.ro\/aurora\/wp-content\/uploads\/2017\/01\/02-drumul-pavat-acoperit.jpg 1600w, http:\/\/dacica.ro\/aurora\/wp-content\/uploads\/2017\/01\/02-drumul-pavat-acoperit-300x139.jpg 300w, http:\/\/dacica.ro\/aurora\/wp-content\/uploads\/2017\/01\/02-drumul-pavat-acoperit-768x357.jpg 768w, http:\/\/dacica.ro\/aurora\/wp-content\/uploads\/2017\/01\/02-drumul-pavat-acoperit-1024x476.jpg 1024w, http:\/\/dacica.ro\/aurora\/wp-content\/uploads\/2017\/01\/02-drumul-pavat-acoperit-1080x502.jpg 1080w\" sizes=\"(max-width: 1600px) 100vw, 1600px\" \/><\/a><\/p>\n<p style=\"text-align: center;\"><a href=\"http:\/\/dacica.ro\/aurora\/wp-content\/uploads\/2016\/12\/images2.png\"><img loading=\"lazy\" class=\"aligncenter wp-image-2195\" src=\"http:\/\/dacica.ro\/aurora\/wp-content\/uploads\/2016\/12\/images2.png\" alt=\"images2\" width=\"117\" height=\"39\" \/><\/a><\/p>\n<p style=\"text-align: center;\">Mai multe (destul de multe!) despre\u201edrumul pavat\u201d am scris <a href=\"https:\/\/www.academia.edu\/10166678\/A._Pe%C8%9Ban_Drumul_pavat_de_la_Sarmizegetusa_Regia_Rapoartele_CSFD_3_2015_p._34-59_\" target=\"_blank\">AICI<\/a>.<\/p>\n<p style=\"text-align: center;\">Despre reconstituira 3D f\u0103cut\u0103 de Mihai Stancu, <a href=\"http:\/\/www.romaniadevis.ro\/dacia\/zona-geto-daca\/reconstituiri-3d\/item\/drumul-pavat-de-la-sarmizegetusa-regia-reconstituire-3d\" target=\"_blank\">AICI<\/a>.<\/p>\n<div id=\"attachment_2450\" style=\"width: 1034px\" class=\"wp-caption aligncenter\"><img aria-describedby=\"caption-attachment-2450\" loading=\"lazy\" class=\"wp-image-2450 size-large\" src=\"http:\/\/dacica.ro\/aurora\/wp-content\/uploads\/2017\/01\/Drumul-pavat-iarna-1024x678.jpg\" alt=\"drumul-pavat-iarna\" width=\"1024\" height=\"678\" srcset=\"http:\/\/dacica.ro\/aurora\/wp-content\/uploads\/2017\/01\/Drumul-pavat-iarna-1024x678.jpg 1024w, http:\/\/dacica.ro\/aurora\/wp-content\/uploads\/2017\/01\/Drumul-pavat-iarna-300x199.jpg 300w, http:\/\/dacica.ro\/aurora\/wp-content\/uploads\/2017\/01\/Drumul-pavat-iarna-768x508.jpg 768w, http:\/\/dacica.ro\/aurora\/wp-content\/uploads\/2017\/01\/Drumul-pavat-iarna-1080x715.jpg 1080w, http:\/\/dacica.ro\/aurora\/wp-content\/uploads\/2017\/01\/Drumul-pavat-iarna.jpg 1716w\" sizes=\"(max-width: 1024px) 100vw, 1024px\" \/><p id=\"caption-attachment-2450\" class=\"wp-caption-text\">Drumul pavat iarna (ianuarie 2017)<\/p><\/div>\n<p>&nbsp;<\/p>\n","protected":false},"excerpt":{"rendered":"<p>Drumul pavat \u00a0este unul dintre cele mai spectaculoase \u0219i mai iubite monumente ale\u00a0Sarmizegetusei Regia. Cred c\u0103 pu\u021bini sunt turi\u0219tii care nu se opresc s\u0103 \u00eel admire \u0219i fotografieze c\u00e2nd coboar\u0103 spre zona sacr\u0103. \u00cen zecile de vizite pe care le-am f\u0103cut \u00een ultimii ani \u00een sit am auzit adesea exclama\u021bii de uimire \u0219i admira\u021bie \u00een&#8230;<\/p>\n<div class=\"btnReadMore\"><a href=\"http:\/\/dacica.ro\/aurora\/drum-pavat-sarmizegetusa-regia\/\">Read More <i class=\"fa fa-chevron-right i-spcr-l\"><\/i><\/a><\/div>\n","protected":false},"author":1,"featured_media":2421,"comment_status":"open","ping_status":"open","sticky":false,"template":"","format":"standard","meta":{"_mi_skip_tracking":false},"categories":[6],"tags":[114,115,116,5],"_links":{"self":[{"href":"http:\/\/dacica.ro\/aurora\/wp-json\/wp\/v2\/posts\/2420"}],"collection":[{"href":"http:\/\/dacica.ro\/aurora\/wp-json\/wp\/v2\/posts"}],"about":[{"href":"http:\/\/dacica.ro\/aurora\/wp-json\/wp\/v2\/types\/post"}],"author":[{"embeddable":true,"href":"http:\/\/dacica.ro\/aurora\/wp-json\/wp\/v2\/users\/1"}],"replies":[{"embeddable":true,"href":"http:\/\/dacica.ro\/aurora\/wp-json\/wp\/v2\/comments?post=2420"}],"version-history":[{"count":38,"href":"http:\/\/dacica.ro\/aurora\/wp-json\/wp\/v2\/posts\/2420\/revisions"}],"predecessor-version":[{"id":3259,"href":"http:\/\/dacica.ro\/aurora\/wp-json\/wp\/v2\/posts\/2420\/revisions\/3259"}],"wp:featuredmedia":[{"embeddable":true,"href":"http:\/\/dacica.ro\/aurora\/wp-json\/wp\/v2\/media\/2421"}],"wp:attachment":[{"href":"http:\/\/dacica.ro\/aurora\/wp-json\/wp\/v2\/media?parent=2420"}],"wp:term":[{"taxonomy":"category","embeddable":true,"href":"http:\/\/dacica.ro\/aurora\/wp-json\/wp\/v2\/categories?post=2420"},{"taxonomy":"post_tag","embeddable":true,"href":"http:\/\/dacica.ro\/aurora\/wp-json\/wp\/v2\/tags?post=2420"}],"curies":[{"name":"wp","href":"https:\/\/api.w.org\/{rel}","templated":true}]}}