{"id":2972,"date":"2017-04-14T13:23:18","date_gmt":"2017-04-14T10:23:18","guid":{"rendered":"http:\/\/dacica.ro\/aurora\/?p=2972"},"modified":"2017-04-14T13:36:44","modified_gmt":"2017-04-14T10:36:44","slug":"nechita","status":"publish","type":"post","link":"https:\/\/dacica.ro\/aurora\/nechita\/","title":{"rendered":"Al\u0103turi de familia Nechita din Luncani"},"content":{"rendered":"<p style=\"text-align: justify;\">Via\u021ba \u00een mijlocul Bucure\u0219tiului, timp de at\u00e2\u021bia ani, mi-a ar\u0103tat c\u00e2t de singur \u0219i str\u0103in po\u021bi s\u0103 fii \u00eentre miile de oameni din jurul t\u0103u. Po\u021bi locui ani de zile \u00eentr-un bloc f\u0103r\u0103 s\u0103 ajungi s\u0103-\u021bi cuno\u0219ti vecinii. Po\u021bi s\u0103 te plimbi pe str\u0103zi ore \u00een \u0219ir \u0219i s\u0103 nu \u00eent\u00e2lne\u0219ti nici un cunoscut. Uneori e un avantaj s\u0103 te po\u021bi pierde \u00een mul\u021bime. Dar, pe termen lung, sufletul s\u0103r\u0103ce\u0219te.<\/p>\n<p style=\"text-align: justify;\">M-am mutat \u00een satul Alun pe la sf\u00e2r\u0219itul lui 2009, iar din 2013 activit\u0103\u021bile din preajma Funda\u021biei Dacica \u0219i a Pensiunii Dacica au luat av\u00e2nt. A fost o schimbare nu doar de peisaj, de aer, de cer. A fost o schimbare de lume.<\/p>\n<p style=\"text-align: justify;\"><img loading=\"lazy\" class=\"aligncenter wp-image-2982 size-large\" src=\"http:\/\/dacica.ro\/aurora\/wp-content\/uploads\/2017\/04\/IMG_6470c-1024x973.jpg\" alt=\"IMG_6470c\" width=\"1024\" height=\"973\" srcset=\"https:\/\/dacica.ro\/aurora\/wp-content\/uploads\/2017\/04\/IMG_6470c-1024x973.jpg 1024w, https:\/\/dacica.ro\/aurora\/wp-content\/uploads\/2017\/04\/IMG_6470c-300x285.jpg 300w, https:\/\/dacica.ro\/aurora\/wp-content\/uploads\/2017\/04\/IMG_6470c-768x730.jpg 768w, https:\/\/dacica.ro\/aurora\/wp-content\/uploads\/2017\/04\/IMG_6470c-1080x1026.jpg 1080w\" sizes=\"(max-width: 1024px) 100vw, 1024px\" \/><\/p>\n<p style=\"text-align: justify;\">O m\u00e2n\u0103 de oameni care \u00ee\u021bi devin, brusc, familie. Pe care te po\u021bi baza oric\u00e2nd, la orice or\u0103. Care vin \u0219i noaptea la ora dou\u0103 s\u0103 \u00ee\u021bi dreag\u0103 centrala c\u00e2nd scoate fum, sau \u00ee\u0219i las\u0103 treburile din gospod\u0103rie ziua ca s\u0103 te ajute pe tine s\u0103-\u021bi faci gardul. C\u00e2\u021biva oameni care te salut\u0103\u00a0de c\u00e2te ori treci cu ma\u0219ina prin sat, c\u00e2\u021biva copii care \u00ee\u021bi z\u00e2mbesc sfios c\u00e2nd te v\u0103d.<\/p>\n<p style=\"text-align: justify;\">Am dat cerul poluat al capitalei pe cet\u0103\u021bile dacilor, pe izvoarele \u0219i paji\u0219tile din mun\u021bi.\u00a0Am dat aglomera\u021bia \u0219i singur\u0103tatea din Bucure\u0219ti pe o m\u00e2n\u0103 de oameni buni.<\/p>\n<p style=\"text-align: justify;\"><img loading=\"lazy\" class=\"aligncenter wp-image-2981 size-large\" src=\"http:\/\/dacica.ro\/aurora\/wp-content\/uploads\/2017\/04\/IMG_1624_resize-1024x683.jpg\" alt=\"IMG_1624_resize\" width=\"1024\" height=\"683\" srcset=\"https:\/\/dacica.ro\/aurora\/wp-content\/uploads\/2017\/04\/IMG_1624_resize-1024x683.jpg 1024w, https:\/\/dacica.ro\/aurora\/wp-content\/uploads\/2017\/04\/IMG_1624_resize-300x200.jpg 300w, https:\/\/dacica.ro\/aurora\/wp-content\/uploads\/2017\/04\/IMG_1624_resize-768x512.jpg 768w, https:\/\/dacica.ro\/aurora\/wp-content\/uploads\/2017\/04\/IMG_1624_resize-1080x720.jpg 1080w, https:\/\/dacica.ro\/aurora\/wp-content\/uploads\/2017\/04\/IMG_1624_resize-600x400.jpg 600w, https:\/\/dacica.ro\/aurora\/wp-content\/uploads\/2017\/04\/IMG_1624_resize-88x60.jpg 88w, https:\/\/dacica.ro\/aurora\/wp-content\/uploads\/2017\/04\/IMG_1624_resize.jpg 1800w\" sizes=\"(max-width: 1024px) 100vw, 1024px\" \/><\/p>\n<p style=\"text-align: justify;\">M\u0103 simt datoare \u00een fiecare zi fa\u021b\u0103 de comunitatea care m-a primit \u0219i m-a adoptat. Nu m\u0103 pricep la prea multe \u0219i nu \u0219tiu cum pot s\u0103 o ajut. Dar pentru asta exist\u0103 preot \u00een sat, care \u0219tie nevoile fiec\u0103ruia. A\u0219a am aflat de familia Nechita din Luncani, o familie cu patru copii, care tr\u0103ie\u0219te \u00eentr-o c\u0103su\u021b\u0103 \u00een sat, dar de\u021bine \u0219i o garsonier\u0103 \u00eentr-un fost c\u0103min muncitoresc din C\u0103lan. Acolo stau copiii cei mari c\u00e2nd merg la \u0219coal\u0103, \u00eens\u0103 blocul nu este racordat la nici o surs\u0103 de c\u0103ldur\u0103.<\/p>\n<p style=\"text-align: justify;\"><a href=\"http:\/\/dacica.ro\/aurora\/wp-content\/uploads\/2017\/04\/1.jpg\"><img loading=\"lazy\" class=\"aligncenter size-large wp-image-2980\" src=\"http:\/\/dacica.ro\/aurora\/wp-content\/uploads\/2017\/04\/1-1024x683.jpg\" alt=\"1\" width=\"1024\" height=\"683\" srcset=\"https:\/\/dacica.ro\/aurora\/wp-content\/uploads\/2017\/04\/1-1024x683.jpg 1024w, https:\/\/dacica.ro\/aurora\/wp-content\/uploads\/2017\/04\/1-300x200.jpg 300w, https:\/\/dacica.ro\/aurora\/wp-content\/uploads\/2017\/04\/1-768x512.jpg 768w, https:\/\/dacica.ro\/aurora\/wp-content\/uploads\/2017\/04\/1-1080x720.jpg 1080w, https:\/\/dacica.ro\/aurora\/wp-content\/uploads\/2017\/04\/1-600x400.jpg 600w, https:\/\/dacica.ro\/aurora\/wp-content\/uploads\/2017\/04\/1-88x60.jpg 88w\" sizes=\"(max-width: 1024px) 100vw, 1024px\" \/><\/a><\/p>\n<p style=\"text-align: justify;\">Mama copiilor este casnic\u0103, iar tat\u0103l este pensionat de boal\u0103, dup\u0103 ce serviciul la fostul combinat i-a afectat s\u0103n\u0103tatea. Copiii sunt Anamaria (17 ani), Claudiu (10 ani), Claudia (13 ani) \u0219i Ioan-Andrei (2 ani). Cei mari merg la \u0219coal\u0103. Nu \u0219i-au permis o central\u0103 termic\u0103, costurile fiind mult prea mari pentru ei. I-am g\u0103sit \u00eenc\u0103lzindu-se la un aragaz cu butelie.<\/p>\n<p style=\"text-align: justify;\">Pe doi dintre copii \u00eei \u0219tiam deja, \u00eei chemaser\u0103m la Pensiunea Dacica la sf\u00e2r\u0219itul lui 2016\u00a0s\u0103 se \u00eent\u00e2lneasc\u0103 cu Mo\u0219 Cr\u0103ciun. C\u00e2nd Norman a trecut pe la ei, \u00eenainte de s\u0103rb\u0103tori, \u0219i i-a \u00eentrebat pe copii ce s\u0103 le aduc\u0103 Mo\u0219ul, Claudiu a \u00eenceput s\u0103 pl\u00e2ng\u0103. Sper c\u0103 i-a revenit z\u00eembetul dup\u0103 aceast\u0103 \u00eent\u00e2lnire.<\/p>\n<div id=\"attachment_2978\" style=\"width: 1034px\" class=\"wp-caption aligncenter\"><a href=\"http:\/\/dacica.ro\/aurora\/wp-content\/uploads\/2017\/04\/6.jpg\"><img aria-describedby=\"caption-attachment-2978\" loading=\"lazy\" class=\"wp-image-2978 size-large\" src=\"http:\/\/dacica.ro\/aurora\/wp-content\/uploads\/2017\/04\/6-1024x683.jpg\" alt=\"6\" width=\"1024\" height=\"683\" srcset=\"https:\/\/dacica.ro\/aurora\/wp-content\/uploads\/2017\/04\/6-1024x683.jpg 1024w, https:\/\/dacica.ro\/aurora\/wp-content\/uploads\/2017\/04\/6-300x200.jpg 300w, https:\/\/dacica.ro\/aurora\/wp-content\/uploads\/2017\/04\/6-768x512.jpg 768w, https:\/\/dacica.ro\/aurora\/wp-content\/uploads\/2017\/04\/6-1080x720.jpg 1080w, https:\/\/dacica.ro\/aurora\/wp-content\/uploads\/2017\/04\/6-600x400.jpg 600w, https:\/\/dacica.ro\/aurora\/wp-content\/uploads\/2017\/04\/6-88x60.jpg 88w\" sizes=\"(max-width: 1024px) 100vw, 1024px\" \/><\/a><p id=\"caption-attachment-2978\" class=\"wp-caption-text\">Claudiu<\/p><\/div>\n<div id=\"attachment_2979\" style=\"width: 1034px\" class=\"wp-caption aligncenter\"><a href=\"http:\/\/dacica.ro\/aurora\/wp-content\/uploads\/2017\/04\/7.jpg\"><img aria-describedby=\"caption-attachment-2979\" loading=\"lazy\" class=\"wp-image-2979 size-large\" src=\"http:\/\/dacica.ro\/aurora\/wp-content\/uploads\/2017\/04\/7-1024x683.jpg\" alt=\"7\" width=\"1024\" height=\"683\" srcset=\"https:\/\/dacica.ro\/aurora\/wp-content\/uploads\/2017\/04\/7-1024x683.jpg 1024w, https:\/\/dacica.ro\/aurora\/wp-content\/uploads\/2017\/04\/7-300x200.jpg 300w, https:\/\/dacica.ro\/aurora\/wp-content\/uploads\/2017\/04\/7-768x512.jpg 768w, https:\/\/dacica.ro\/aurora\/wp-content\/uploads\/2017\/04\/7-1080x720.jpg 1080w, https:\/\/dacica.ro\/aurora\/wp-content\/uploads\/2017\/04\/7-600x400.jpg 600w, https:\/\/dacica.ro\/aurora\/wp-content\/uploads\/2017\/04\/7-88x60.jpg 88w\" sizes=\"(max-width: 1024px) 100vw, 1024px\" \/><\/a><p id=\"caption-attachment-2979\" class=\"wp-caption-text\">Claudia<\/p><\/div>\n<p style=\"text-align: justify;\">M-am g\u00e2ndit cum a\u0219 putea aduna suma de peste 7000 lei, necesar\u0103 achizi\u021bion\u0103rii centralei, caloriferelor, montajului \u0219i racord\u0103rii. Nici eu nu de\u021bineam o asemenea sum\u0103. Dar aveam altceva: prieteni. Prieteni care au \u00eencredere \u00een mine \u0219i care, pu\u021bin cu pu\u021bin, puteau pune laolalt\u0103 suma.<\/p>\n<p style=\"text-align: justify;\">S-a \u00eent\u00e2mplat s\u0103 fie \u00eenainte de ziua mea de na\u0219tere cu vreo lun\u0103, c\u00e2nd am v\u0103zut pe facebook o campanie extraordinar\u0103, g\u00e2ndit\u0103 de platforma Galantom: \u201eD\u0103ruie\u0219te-\u021bi ziua de na\u0219tere\u201d. \u00cen loc de cadouri, petrecere, tort, po\u021bi face o fapt\u0103 bun\u0103. \u00cei rogi pe cei care ar fi vrut s\u0103 \u00ee\u021bi fac\u0103 un cadou de ziua ta s\u0103 doneze contravaloarea cadoului pentru o fapt\u0103 bun\u0103 pe care vrei s\u0103 o faci.\u00a0A\u0219a am decis s\u0103 \u00eemi donez ziua de na\u0219tere familiei Nechita, pentru achizi\u021bionarea unui sistem centralizat de \u00eenc\u0103lzire. Nu voiam petrecere \u0219i tort, voiam bucuria celorlal\u021bi, pe care s\u0103 o pot da mai departe.<\/p>\n<p style=\"text-align: justify;\"><a href=\"http:\/\/galantom.ro\/daruiesteziuata\/\"><img loading=\"lazy\" class=\"aligncenter size-large wp-image-2984\" src=\"http:\/\/dacica.ro\/aurora\/wp-content\/uploads\/2017\/04\/daruieste-ziua-ta-1024x447.jpg\" alt=\"daruieste ziua ta\" width=\"1024\" height=\"447\" srcset=\"https:\/\/dacica.ro\/aurora\/wp-content\/uploads\/2017\/04\/daruieste-ziua-ta-1024x447.jpg 1024w, https:\/\/dacica.ro\/aurora\/wp-content\/uploads\/2017\/04\/daruieste-ziua-ta-300x131.jpg 300w, https:\/\/dacica.ro\/aurora\/wp-content\/uploads\/2017\/04\/daruieste-ziua-ta-768x335.jpg 768w, https:\/\/dacica.ro\/aurora\/wp-content\/uploads\/2017\/04\/daruieste-ziua-ta-1080x471.jpg 1080w, https:\/\/dacica.ro\/aurora\/wp-content\/uploads\/2017\/04\/daruieste-ziua-ta.jpg 1196w\" sizes=\"(max-width: 1024px) 100vw, 1024px\" \/><\/a><\/p>\n<p style=\"text-align: justify;\">Nu \u0219tiam la ce s\u0103 m\u0103 a\u0219tept. Am fixat un target de 5000 lei \u0219i m-am g\u00e2ndit c\u0103 cei c\u00e2\u021biva prieteni apropia\u021bi vor r\u0103spunde apelului. Mobilizarea a fost \u00eens\u0103 mult peste a\u0219tept\u0103ri, iar surpriza cea mare a venit din partea unui mare num\u0103r de oameni care nu m-au \u00eent\u00e2lnit niciodat\u0103, dar au avut \u00eencrederea \u0219i generozitatea de a dona.<\/p>\n<p style=\"text-align: justify;\"><a href=\"http:\/\/dacica.galantom.ro\/fundraising-pages\/view?id=3546\"><img loading=\"lazy\" class=\"aligncenter size-large wp-image-2986\" src=\"http:\/\/dacica.ro\/aurora\/wp-content\/uploads\/2017\/04\/galantom-fundraising-1024x549.jpg\" alt=\"galantom fundraising\" width=\"1024\" height=\"549\" srcset=\"https:\/\/dacica.ro\/aurora\/wp-content\/uploads\/2017\/04\/galantom-fundraising-1024x549.jpg 1024w, https:\/\/dacica.ro\/aurora\/wp-content\/uploads\/2017\/04\/galantom-fundraising-300x161.jpg 300w, https:\/\/dacica.ro\/aurora\/wp-content\/uploads\/2017\/04\/galantom-fundraising-768x411.jpg 768w, https:\/\/dacica.ro\/aurora\/wp-content\/uploads\/2017\/04\/galantom-fundraising-1080x579.jpg 1080w, https:\/\/dacica.ro\/aurora\/wp-content\/uploads\/2017\/04\/galantom-fundraising.jpg 1176w\" sizes=\"(max-width: 1024px) 100vw, 1024px\" \/><\/a><\/p>\n<p style=\"text-align: justify;\">Vestea s-a r\u0103sp\u00e2ndit repede, doar prin intermediul re\u021belei de socializare Facebook. S-au adunat 7420 lei, cei mai mul\u021bi online, prin platforma Galantom, dar au venit dona\u021bii \u0219i prin po\u0219t\u0103 sau prin transfer bancar.\u00a0M-au onorat cu daruri o mul\u021bime de prieteni, dintre care pe cei mai mul\u021bi nu i-am \u00eent\u00e2lnit niciodat\u0103, dar \u00eemi sunt apropia\u021bi \u0219i dragi prin sus\u021binerea pe care mi-o acord\u0103 de mai mult\u0103 vreme. Au donat, \u00een beneficiul familiei Nechita, pensionari cu pensii modeste, tiner<span class=\"text_exposed_show\">i cu salarii mici, chiar studen\u021bi. Au venit \u00een ajutor rom\u00e2ni pleca\u021bi \u00een str\u0103in\u0103tate, dar care au r\u0103mas solidari cu cei de acas\u0103. Au renun\u021bat la o parte din pu\u021binul lor at\u00e2tea persoane care \u0219tiu c\u0103 ar fi avut nevoie de acei bani. Au ajutat, cu sume generoase, oameni care nu au uitat ce \u00eenseamn\u0103 s\u0103 treci \u00een via\u021b\u0103 prin momente grele.<\/span><\/p>\n<p style=\"text-align: justify;\"><img loading=\"lazy\" class=\"aligncenter size-full wp-image-2988\" src=\"http:\/\/dacica.ro\/aurora\/wp-content\/uploads\/2017\/04\/cheluieli-centrala-nechita.jpg\" alt=\"cheluieli centrala nechita\" width=\"960\" height=\"556\" srcset=\"https:\/\/dacica.ro\/aurora\/wp-content\/uploads\/2017\/04\/cheluieli-centrala-nechita.jpg 960w, https:\/\/dacica.ro\/aurora\/wp-content\/uploads\/2017\/04\/cheluieli-centrala-nechita-300x174.jpg 300w, https:\/\/dacica.ro\/aurora\/wp-content\/uploads\/2017\/04\/cheluieli-centrala-nechita-768x445.jpg 768w\" sizes=\"(max-width: 960px) 100vw, 960px\" \/><\/p>\n\n\t\t<style type=\"text\/css\">\n\t\t\t#gallery-1 {\n\t\t\t\tmargin: auto;\n\t\t\t}\n\t\t\t#gallery-1 .gallery-item {\n\t\t\t\tfloat: left;\n\t\t\t\tmargin-top: 10px;\n\t\t\t\ttext-align: center;\n\t\t\t\twidth: 33%;\n\t\t\t}\n\t\t\t#gallery-1 img {\n\t\t\t\tborder: 2px solid #cfcfcf;\n\t\t\t}\n\t\t\t#gallery-1 .gallery-caption {\n\t\t\t\tmargin-left: 0;\n\t\t\t}\n\t\t\t\/* see gallery_shortcode() in wp-includes\/media.php *\/\n\t\t<\/style>\n\t\t<div id='gallery-1' class='gallery galleryid-2972 gallery-columns-3 gallery-size-thumbnail'><dl class='gallery-item'>\n\t\t\t<dt class='gallery-icon portrait'>\n\t\t\t\t<a href='https:\/\/dacica.ro\/aurora\/wp-content\/uploads\/2017\/04\/nechita_doc6.jpg'><img width=\"150\" height=\"150\" src=\"https:\/\/dacica.ro\/aurora\/wp-content\/uploads\/2017\/04\/nechita_doc6-150x150.jpg\" class=\"attachment-thumbnail size-thumbnail\" alt=\"\" loading=\"lazy\" srcset=\"https:\/\/dacica.ro\/aurora\/wp-content\/uploads\/2017\/04\/nechita_doc6-150x150.jpg 150w, https:\/\/dacica.ro\/aurora\/wp-content\/uploads\/2017\/04\/nechita_doc6-640x640.jpg 640w\" sizes=\"(max-width: 150px) 100vw, 150px\" \/><\/a>\n\t\t\t<\/dt><\/dl><dl class='gallery-item'>\n\t\t\t<dt class='gallery-icon portrait'>\n\t\t\t\t<a href='https:\/\/dacica.ro\/aurora\/wp-content\/uploads\/2017\/04\/nechita_doc5.jpg'><img width=\"150\" height=\"150\" src=\"https:\/\/dacica.ro\/aurora\/wp-content\/uploads\/2017\/04\/nechita_doc5-150x150.jpg\" class=\"attachment-thumbnail size-thumbnail\" alt=\"\" loading=\"lazy\" srcset=\"https:\/\/dacica.ro\/aurora\/wp-content\/uploads\/2017\/04\/nechita_doc5-150x150.jpg 150w, https:\/\/dacica.ro\/aurora\/wp-content\/uploads\/2017\/04\/nechita_doc5-640x640.jpg 640w\" sizes=\"(max-width: 150px) 100vw, 150px\" \/><\/a>\n\t\t\t<\/dt><\/dl><dl class='gallery-item'>\n\t\t\t<dt class='gallery-icon portrait'>\n\t\t\t\t<a href='https:\/\/dacica.ro\/aurora\/wp-content\/uploads\/2017\/04\/nechita_doc4.jpg'><img width=\"150\" height=\"150\" src=\"https:\/\/dacica.ro\/aurora\/wp-content\/uploads\/2017\/04\/nechita_doc4-150x150.jpg\" class=\"attachment-thumbnail size-thumbnail\" alt=\"\" loading=\"lazy\" srcset=\"https:\/\/dacica.ro\/aurora\/wp-content\/uploads\/2017\/04\/nechita_doc4-150x150.jpg 150w, https:\/\/dacica.ro\/aurora\/wp-content\/uploads\/2017\/04\/nechita_doc4-640x640.jpg 640w\" sizes=\"(max-width: 150px) 100vw, 150px\" \/><\/a>\n\t\t\t<\/dt><\/dl><br style=\"clear: both\" \/><dl class='gallery-item'>\n\t\t\t<dt class='gallery-icon portrait'>\n\t\t\t\t<a href='https:\/\/dacica.ro\/aurora\/wp-content\/uploads\/2017\/04\/nechita_doc3.jpg'><img width=\"150\" height=\"150\" src=\"https:\/\/dacica.ro\/aurora\/wp-content\/uploads\/2017\/04\/nechita_doc3-150x150.jpg\" class=\"attachment-thumbnail size-thumbnail\" alt=\"\" loading=\"lazy\" srcset=\"https:\/\/dacica.ro\/aurora\/wp-content\/uploads\/2017\/04\/nechita_doc3-150x150.jpg 150w, https:\/\/dacica.ro\/aurora\/wp-content\/uploads\/2017\/04\/nechita_doc3-640x640.jpg 640w\" sizes=\"(max-width: 150px) 100vw, 150px\" \/><\/a>\n\t\t\t<\/dt><\/dl><dl class='gallery-item'>\n\t\t\t<dt class='gallery-icon portrait'>\n\t\t\t\t<a href='https:\/\/dacica.ro\/aurora\/wp-content\/uploads\/2017\/04\/nechita_doc2.jpg'><img width=\"150\" height=\"150\" src=\"https:\/\/dacica.ro\/aurora\/wp-content\/uploads\/2017\/04\/nechita_doc2-150x150.jpg\" class=\"attachment-thumbnail size-thumbnail\" alt=\"\" loading=\"lazy\" srcset=\"https:\/\/dacica.ro\/aurora\/wp-content\/uploads\/2017\/04\/nechita_doc2-150x150.jpg 150w, https:\/\/dacica.ro\/aurora\/wp-content\/uploads\/2017\/04\/nechita_doc2-640x640.jpg 640w\" sizes=\"(max-width: 150px) 100vw, 150px\" \/><\/a>\n\t\t\t<\/dt><\/dl><dl class='gallery-item'>\n\t\t\t<dt class='gallery-icon landscape'>\n\t\t\t\t<a href='https:\/\/dacica.ro\/aurora\/wp-content\/uploads\/2017\/04\/nechita_doc1.jpg'><img width=\"150\" height=\"150\" src=\"https:\/\/dacica.ro\/aurora\/wp-content\/uploads\/2017\/04\/nechita_doc1-150x150.jpg\" class=\"attachment-thumbnail size-thumbnail\" alt=\"\" loading=\"lazy\" srcset=\"https:\/\/dacica.ro\/aurora\/wp-content\/uploads\/2017\/04\/nechita_doc1-150x150.jpg 150w, https:\/\/dacica.ro\/aurora\/wp-content\/uploads\/2017\/04\/nechita_doc1-640x640.jpg 640w\" sizes=\"(max-width: 150px) 100vw, 150px\" \/><\/a>\n\t\t\t<\/dt><\/dl><br style=\"clear: both\" \/>\n\t\t<\/div>\n\n<p style=\"text-align: justify;\">Suma adunat\u0103 a fost foarte apropiat\u0103 de cea necesar\u0103. S-au sc\u0103zut comisioanele, iar diferen\u021ba a fost acoperit\u0103 de Funda\u021bia Dacica.<\/p>\n<p style=\"text-align: justify;\">\u201e<strong>Galantom<\/strong> este un om mereu dispus s\u0103 ii ajute pe al\u021bii, \u00een mod dezinteresat; generos; darnic; m\u0103rinimos.\u201d Iat\u0103 oamenii buni, galatomii care au donat, \u0219i c\u0103rora le mul\u021bumesc din suflet:<\/p>\n<p style=\"text-align: justify;\"><img loading=\"lazy\" class=\"aligncenter size-large wp-image-2991\" src=\"http:\/\/dacica.ro\/aurora\/wp-content\/uploads\/2017\/04\/donatii-Nechita-anonim-846x1024.jpg\" alt=\"donatii Nechita anonim\" width=\"846\" height=\"1024\" srcset=\"https:\/\/dacica.ro\/aurora\/wp-content\/uploads\/2017\/04\/donatii-Nechita-anonim-846x1024.jpg 846w, https:\/\/dacica.ro\/aurora\/wp-content\/uploads\/2017\/04\/donatii-Nechita-anonim-248x300.jpg 248w, https:\/\/dacica.ro\/aurora\/wp-content\/uploads\/2017\/04\/donatii-Nechita-anonim-768x929.jpg 768w, https:\/\/dacica.ro\/aurora\/wp-content\/uploads\/2017\/04\/donatii-Nechita-anonim-1080x1307.jpg 1080w, https:\/\/dacica.ro\/aurora\/wp-content\/uploads\/2017\/04\/donatii-Nechita-anonim.jpg 2047w\" sizes=\"(max-width: 846px) 100vw, 846px\" \/><\/p>\n<p style=\"text-align: justify;\">Achizi\u021bionarea sistemului de \u00eenc\u0103lzire a avut loc imediat dup\u0103 \u00eencheierea campaniei de dona\u021bii, iar montajul \u0219i racordarea s-au finalizat \u00een decurs de o lun\u0103.<\/p>\n\n\t\t<style type=\"text\/css\">\n\t\t\t#gallery-2 {\n\t\t\t\tmargin: auto;\n\t\t\t}\n\t\t\t#gallery-2 .gallery-item {\n\t\t\t\tfloat: left;\n\t\t\t\tmargin-top: 10px;\n\t\t\t\ttext-align: center;\n\t\t\t\twidth: 33%;\n\t\t\t}\n\t\t\t#gallery-2 img {\n\t\t\t\tborder: 2px solid #cfcfcf;\n\t\t\t}\n\t\t\t#gallery-2 .gallery-caption {\n\t\t\t\tmargin-left: 0;\n\t\t\t}\n\t\t\t\/* see gallery_shortcode() in wp-includes\/media.php *\/\n\t\t<\/style>\n\t\t<div id='gallery-2' class='gallery galleryid-2972 gallery-columns-3 gallery-size-thumbnail'><dl class='gallery-item'>\n\t\t\t<dt class='gallery-icon landscape'>\n\t\t\t\t<a href='https:\/\/dacica.ro\/aurora\/wp-content\/uploads\/2017\/04\/nechita1.jpg'><img width=\"150\" height=\"150\" src=\"https:\/\/dacica.ro\/aurora\/wp-content\/uploads\/2017\/04\/nechita1-150x150.jpg\" class=\"attachment-thumbnail size-thumbnail\" alt=\"\" loading=\"lazy\" \/><\/a>\n\t\t\t<\/dt><\/dl><dl class='gallery-item'>\n\t\t\t<dt class='gallery-icon landscape'>\n\t\t\t\t<a href='https:\/\/dacica.ro\/aurora\/wp-content\/uploads\/2017\/04\/nechita2.jpg'><img width=\"150\" height=\"150\" src=\"https:\/\/dacica.ro\/aurora\/wp-content\/uploads\/2017\/04\/nechita2-150x150.jpg\" class=\"attachment-thumbnail size-thumbnail\" alt=\"\" loading=\"lazy\" \/><\/a>\n\t\t\t<\/dt><\/dl><dl class='gallery-item'>\n\t\t\t<dt class='gallery-icon landscape'>\n\t\t\t\t<a href='https:\/\/dacica.ro\/aurora\/wp-content\/uploads\/2017\/04\/nechita3.jpg'><img width=\"150\" height=\"150\" src=\"https:\/\/dacica.ro\/aurora\/wp-content\/uploads\/2017\/04\/nechita3-150x150.jpg\" class=\"attachment-thumbnail size-thumbnail\" alt=\"\" loading=\"lazy\" \/><\/a>\n\t\t\t<\/dt><\/dl><br style=\"clear: both\" \/><dl class='gallery-item'>\n\t\t\t<dt class='gallery-icon landscape'>\n\t\t\t\t<a href='https:\/\/dacica.ro\/aurora\/wp-content\/uploads\/2017\/04\/nechita4.jpg'><img width=\"150\" height=\"150\" src=\"https:\/\/dacica.ro\/aurora\/wp-content\/uploads\/2017\/04\/nechita4-150x150.jpg\" class=\"attachment-thumbnail size-thumbnail\" alt=\"\" loading=\"lazy\" \/><\/a>\n\t\t\t<\/dt><\/dl><dl class='gallery-item'>\n\t\t\t<dt class='gallery-icon landscape'>\n\t\t\t\t<a href='https:\/\/dacica.ro\/aurora\/wp-content\/uploads\/2017\/04\/nechita5.jpg'><img width=\"150\" height=\"150\" src=\"https:\/\/dacica.ro\/aurora\/wp-content\/uploads\/2017\/04\/nechita5-150x150.jpg\" class=\"attachment-thumbnail size-thumbnail\" alt=\"\" loading=\"lazy\" \/><\/a>\n\t\t\t<\/dt><\/dl><dl class='gallery-item'>\n\t\t\t<dt class='gallery-icon landscape'>\n\t\t\t\t<a href='https:\/\/dacica.ro\/aurora\/wp-content\/uploads\/2017\/04\/nechita6.jpg'><img width=\"150\" height=\"150\" src=\"https:\/\/dacica.ro\/aurora\/wp-content\/uploads\/2017\/04\/nechita6-150x150.jpg\" class=\"attachment-thumbnail size-thumbnail\" alt=\"\" loading=\"lazy\" \/><\/a>\n\t\t\t<\/dt><\/dl><br style=\"clear: both\" \/><dl class='gallery-item'>\n\t\t\t<dt class='gallery-icon landscape'>\n\t\t\t\t<a href='https:\/\/dacica.ro\/aurora\/wp-content\/uploads\/2017\/04\/nechita7.jpg'><img width=\"150\" height=\"150\" src=\"https:\/\/dacica.ro\/aurora\/wp-content\/uploads\/2017\/04\/nechita7-150x150.jpg\" class=\"attachment-thumbnail size-thumbnail\" alt=\"\" loading=\"lazy\" \/><\/a>\n\t\t\t<\/dt><\/dl><dl class='gallery-item'>\n\t\t\t<dt class='gallery-icon landscape'>\n\t\t\t\t<a href='https:\/\/dacica.ro\/aurora\/wp-content\/uploads\/2017\/04\/nechita8.jpg'><img width=\"150\" height=\"150\" src=\"https:\/\/dacica.ro\/aurora\/wp-content\/uploads\/2017\/04\/nechita8-150x150.jpg\" class=\"attachment-thumbnail size-thumbnail\" alt=\"\" loading=\"lazy\" \/><\/a>\n\t\t\t<\/dt><\/dl><dl class='gallery-item'>\n\t\t\t<dt class='gallery-icon landscape'>\n\t\t\t\t<a href='https:\/\/dacica.ro\/aurora\/wp-content\/uploads\/2017\/04\/nechita9.jpg'><img width=\"150\" height=\"150\" src=\"https:\/\/dacica.ro\/aurora\/wp-content\/uploads\/2017\/04\/nechita9-150x150.jpg\" class=\"attachment-thumbnail size-thumbnail\" alt=\"\" loading=\"lazy\" \/><\/a>\n\t\t\t<\/dt><\/dl><br style=\"clear: both\" \/>\n\t\t<\/div>\n\n<p style=\"text-align: justify;\">Despre bucuria familiei Nechita nu v\u0103 pot spune prea multe: sunt oameni mode\u0219ti \u0219i sfio\u0219i. Ne-au mul\u021bumit cu capul plecat, emo\u021biona\u021bi \u0219i parc\u0103 \u00eencurca\u021bi c\u0103 cineva s-a g\u00e2ndit la ei. V\u0103 pot spune \u00eens\u0103 despre bucuria mea.<\/p>\n<p style=\"text-align: justify;\"><img loading=\"lazy\" class=\"aligncenter wp-image-3006 size-large\" src=\"http:\/\/dacica.ro\/aurora\/wp-content\/uploads\/2017\/04\/IMG_7712_resize-1024x683.jpg\" alt=\"IMG_7712_resize\" width=\"1024\" height=\"683\" srcset=\"https:\/\/dacica.ro\/aurora\/wp-content\/uploads\/2017\/04\/IMG_7712_resize-1024x683.jpg 1024w, https:\/\/dacica.ro\/aurora\/wp-content\/uploads\/2017\/04\/IMG_7712_resize-300x200.jpg 300w, https:\/\/dacica.ro\/aurora\/wp-content\/uploads\/2017\/04\/IMG_7712_resize-768x512.jpg 768w, https:\/\/dacica.ro\/aurora\/wp-content\/uploads\/2017\/04\/IMG_7712_resize-1080x720.jpg 1080w, https:\/\/dacica.ro\/aurora\/wp-content\/uploads\/2017\/04\/IMG_7712_resize-600x400.jpg 600w, https:\/\/dacica.ro\/aurora\/wp-content\/uploads\/2017\/04\/IMG_7712_resize-88x60.jpg 88w\" sizes=\"(max-width: 1024px) 100vw, 1024px\" \/><\/p>\n<p style=\"text-align: justify;\">Traiul \u00een natur\u0103, \u00eentr-un sat aproape uitat de lume, dar nu \u0219i de Dumnezeu, te \u00eenva\u021b\u0103 c\u00e2t de inutile sunt o mul\u021bime de lucruri, gesturi \u0219i obiceiuri pe care \u021bi le impune societatea de consum, ora\u0219ul, via\u021ba \u00eentr-o comunitate \u201emodern\u0103\u201d. \u00cen fa\u021ba p\u0103durilor nesf\u00e2r\u0219ite, a paji\u0219tilor cu flori, a amurgurilor calde, a z\u0103pezilor ad\u00e2nci \u0219i a furtunilor de var\u0103, \u00een fa\u021ba cerului cu stele infinite, te lepezi de at\u00e2tea false chipuri pe care le foloseai ca s\u0103 te aperi de lumea agresiv\u0103 a ora\u0219ului mare, renun\u021bi la fe\u021bele egoului cu care voiai s\u0103(-\u021bi) demonstrezi c\u00e2t de bun sau valoros e\u0219ti. Ce r\u0103m\u00e2ne? Bucuria simpl\u0103, de fiecare zi, mir\u0103rile \u00een fa\u021ba lucrurilor m\u0103runte, ne\u00eencetata uimire \u00een fa\u021ba m\u0103re\u021biei lumii. \u0218i, mai ales, sentimentul profund al comuniunii cu tot ce e \u00een jurul t\u0103u, \u00een\u0103untrul \u0219i \u00een afara ta. \u0218i atunci \u00een\u021belegi c\u0103 tot ce faci pentru altul, faci de fapt pentru tine \u0219i faci pentru \u00eentreaga lume. De aceea, bucuria celorlal\u021bi este bucuria mea. Iar bucuria mea sper s\u0103 fie \u0219i bucuria voastr\u0103.<\/p>\n<p style=\"text-align: justify;\"><img loading=\"lazy\" class=\"aligncenter size-large wp-image-3003\" src=\"http:\/\/dacica.ro\/aurora\/wp-content\/uploads\/2017\/04\/MONTAJ1-1024x683.jpg\" alt=\"MONTAJ1\" width=\"1024\" height=\"683\" srcset=\"https:\/\/dacica.ro\/aurora\/wp-content\/uploads\/2017\/04\/MONTAJ1-1024x683.jpg 1024w, https:\/\/dacica.ro\/aurora\/wp-content\/uploads\/2017\/04\/MONTAJ1-300x200.jpg 300w, https:\/\/dacica.ro\/aurora\/wp-content\/uploads\/2017\/04\/MONTAJ1-768x512.jpg 768w, https:\/\/dacica.ro\/aurora\/wp-content\/uploads\/2017\/04\/MONTAJ1-1080x720.jpg 1080w, https:\/\/dacica.ro\/aurora\/wp-content\/uploads\/2017\/04\/MONTAJ1-600x400.jpg 600w, https:\/\/dacica.ro\/aurora\/wp-content\/uploads\/2017\/04\/MONTAJ1-88x60.jpg 88w, https:\/\/dacica.ro\/aurora\/wp-content\/uploads\/2017\/04\/MONTAJ1.jpg 1800w\" sizes=\"(max-width: 1024px) 100vw, 1024px\" \/><\/p>\n<p style=\"text-align: justify;\">\n","protected":false},"excerpt":{"rendered":"<p>M\u0103 simt datoare \u00een fiecare zi fa\u021b\u0103 de comunitatea care m-a primit \u0219i m-a adoptat. Nu m\u0103 pricep la prea multe \u0219i nu \u0219tiu cum pot s\u0103 o ajut. Dar pentru asta exist\u0103 preot \u00een sat, care \u0219tie nevoile fiec\u0103ruia. A\u0219a am aflat de familia Nechita din Luncani, o familie cu patru copii, care tr\u0103ie\u0219te \u00eentr-o c\u0103su\u021b\u0103 \u00een sat, dar de\u021bine \u0219i o garsonier\u0103 \u00eentr-un fost c\u0103min muncitoresc din C\u0103lan. Acolo stau copiii cei mari c\u00e2nd merg la \u0219coal\u0103, \u00eens\u0103 blocul nu este racordat la nici o surs\u0103 de c\u0103ldur\u0103.<\/p>\n","protected":false},"author":1,"featured_media":2973,"comment_status":"open","ping_status":"open","sticky":false,"template":"","format":"standard","meta":{"_mi_skip_tracking":false},"categories":[14],"tags":[136,135,130,134],"_links":{"self":[{"href":"https:\/\/dacica.ro\/aurora\/wp-json\/wp\/v2\/posts\/2972"}],"collection":[{"href":"https:\/\/dacica.ro\/aurora\/wp-json\/wp\/v2\/posts"}],"about":[{"href":"https:\/\/dacica.ro\/aurora\/wp-json\/wp\/v2\/types\/post"}],"author":[{"embeddable":true,"href":"https:\/\/dacica.ro\/aurora\/wp-json\/wp\/v2\/users\/1"}],"replies":[{"embeddable":true,"href":"https:\/\/dacica.ro\/aurora\/wp-json\/wp\/v2\/comments?post=2972"}],"version-history":[{"count":22,"href":"https:\/\/dacica.ro\/aurora\/wp-json\/wp\/v2\/posts\/2972\/revisions"}],"predecessor-version":[{"id":3025,"href":"https:\/\/dacica.ro\/aurora\/wp-json\/wp\/v2\/posts\/2972\/revisions\/3025"}],"wp:featuredmedia":[{"embeddable":true,"href":"https:\/\/dacica.ro\/aurora\/wp-json\/wp\/v2\/media\/2973"}],"wp:attachment":[{"href":"https:\/\/dacica.ro\/aurora\/wp-json\/wp\/v2\/media?parent=2972"}],"wp:term":[{"taxonomy":"category","embeddable":true,"href":"https:\/\/dacica.ro\/aurora\/wp-json\/wp\/v2\/categories?post=2972"},{"taxonomy":"post_tag","embeddable":true,"href":"https:\/\/dacica.ro\/aurora\/wp-json\/wp\/v2\/tags?post=2972"}],"curies":[{"name":"wp","href":"https:\/\/api.w.org\/{rel}","templated":true}]}}