{"id":3289,"date":"2018-02-15T21:30:54","date_gmt":"2018-02-15T19:30:54","guid":{"rendered":"http:\/\/dacica.ro\/aurora\/?p=3289"},"modified":"2019-05-06T21:06:48","modified_gmt":"2019-05-06T18:06:48","slug":"taf-sarmizegetusa","status":"publish","type":"post","link":"https:\/\/dacica.ro\/aurora\/taf-sarmizegetusa\/","title":{"rendered":"Cu TAF-ul \u00een Sarmizegetusa Regia"},"content":{"rendered":"<p style=\"text-align: justify;\">Recentul scandal al lucr\u0103rilor de t\u0103iere \u0219i extragere a unor arbori din situl Sarmizegetusa Regia cu mijloace \u0219i metode inadecvate pentru un sit UNESCO a eviden\u021biat, \u00eenc\u0103 o dat\u0103, incompeten\u021ba administra\u021biei sitului, dublat\u0103 de o lips\u0103 de caracter a celor vinova\u021bi care, prin\u0219i asupra faptului, au min\u021bit \u0219i i-au def\u0103imat pe cei care au descoperit neregulile. A\u0219 fi vrut s\u0103 nu am ocazia s\u0103 scriu un text precum cel de mai jos. Sper s\u0103 fie ultimul legat de aceast\u0103 adminsitra\u021bie a sitului UNESCO.<\/p>\n<p style=\"text-align: center;\"><strong>\u201eVa fi ca pe vremea dacilor\u201d<\/strong><\/p>\n<p style=\"text-align: justify;\">La \u00eenceputul anului 2018, imediat dup\u0103 s\u0103rb\u0103tori, presa hunedorean\u0103 venea cu o \u0219tire-\u0219oc: Consiliul Jude\u021bean Hunedoara inten\u021biona s\u0103 \u00eenl\u0103ture \u00een urm\u0103torii ani toat\u0103 p\u0103durea de pe situl UNESCO Sarmizegetusa Regia, care are o suprafa\u021ba de cca 18 ha.<\/p>\n<blockquote>\n<p style=\"text-align: justify;\"><em>\u201eAcum 2.000 de ani zona nu era \u00eemp\u0103durit\u0103. Monumentul va ar\u0103ta a\u015fa cum a fost \u00een acea perioad\u0103, dar la nivelul la care este acum. Nu vor fi replant\u0103ri, nu vrem s\u0103 \u00eempingem altor genera\u0163ii problemele pe care le avem\u201d. <\/em>Sorin Vasilescu, vicepre\u015fedinte al CJ Hunedoara,\u00a0<a href=\"http:\/\/adevarul.ro\/locale\/hunedoara\/padurea-sarmizegetusa-regia-putea-disparea-cativa-ani-17-hectare-vizate-va-2000-ani-1_5a578450df52022f75686dab\/index.html\" target=\"_blank\">Adev\u0103rul, 11.01.2018<\/a>.<\/p>\n<p style=\"text-align: justify;\">\u201e<em>Consiliul Jude\u0163ean Hunedoara dore\u015fte ca \u00eentreaga suprafa\u0163\u0103 de aproximativ 18 hectare ocupat\u0103 de vestigiile antice de la Sarmizegetusa Regia (cele descoperite p\u00e2n\u0103 acum) s\u0103 nu mai fie ocupat\u0103 de p\u0103dure. T\u0103ierea a doar 100 de arbori, aprobat\u0103 anii trecu\u0163i, dar \u00eenc\u0103 neexecutat\u0103, nu rezolv\u0103 problema\u201d.\u00a0<\/em><a href=\"http:\/\/glasul-hd.ro\/singura-solutie-pentru-sarmizegetusa-regia-defrisare-ampla\/\" target=\"_blank\">Glasul HD, 09.01.2018.<\/a><\/p>\n<\/blockquote>\n<p style=\"text-align: justify;\">Vestea stupefiant\u0103 a st\u00e2rnit multe comentarii din partea internau\u021bilor, dar s-a stins repede. Oricum, pentru ob\u021binerea avizelor se prevedea un interval de timp de cel pu\u021bin un an, a\u0219a c\u0103 \u00een prim\u0103 faz\u0103 urmau s\u0103 fie t\u0103ia\u021bi doar cca 100 de fagi bolnavi, marca\u021bi deja, care erau considera\u021bi periculo\u0219i: puteau oric\u00e2nd s\u0103 cad\u0103 \u0219i s\u0103 r\u0103neasc\u0103 pe cineva sau s\u0103 afecteze monumentul.<\/p>\n<p style=\"text-align: justify;\"><a href=\"http:\/\/dacica.ro\/aurora\/wp-content\/uploads\/2018\/02\/Sarmizegetusa-Regia.jpg\"><img loading=\"lazy\" class=\"aligncenter size-full wp-image-3334\" src=\"http:\/\/dacica.ro\/aurora\/wp-content\/uploads\/2018\/02\/Sarmizegetusa-Regia.jpg\" alt=\"Sarmizegetusa Regia\" width=\"7500\" height=\"5000\" srcset=\"https:\/\/dacica.ro\/aurora\/wp-content\/uploads\/2018\/02\/Sarmizegetusa-Regia.jpg 7500w, https:\/\/dacica.ro\/aurora\/wp-content\/uploads\/2018\/02\/Sarmizegetusa-Regia-300x200.jpg 300w, https:\/\/dacica.ro\/aurora\/wp-content\/uploads\/2018\/02\/Sarmizegetusa-Regia-768x512.jpg 768w, https:\/\/dacica.ro\/aurora\/wp-content\/uploads\/2018\/02\/Sarmizegetusa-Regia-1024x683.jpg 1024w, https:\/\/dacica.ro\/aurora\/wp-content\/uploads\/2018\/02\/Sarmizegetusa-Regia-1080x720.jpg 1080w, https:\/\/dacica.ro\/aurora\/wp-content\/uploads\/2018\/02\/Sarmizegetusa-Regia-600x400.jpg 600w, https:\/\/dacica.ro\/aurora\/wp-content\/uploads\/2018\/02\/Sarmizegetusa-Regia-88x60.jpg 88w\" sizes=\"(max-width: 7500px) 100vw, 7500px\" \/><\/a><\/p>\n<p style=\"text-align: justify;\">Pe Dealul Gr\u0103di\u0219tii de mii de ani a existat p\u0103dure. Dacii \u0219i-au ales acel loc pentru a-\u0219i construi capitala pe la mijlocul sec. I \u00ee.Hr. \u0219i au amenajat pe deal o serie de terase, pe care au amplasat gospod\u0103rii, ateliere, temple. Cu siguran\u021b\u0103 de pe aceste suprafe\u021be p\u0103durea a fost \u00eenl\u0103turat\u0103. Probabil s-au f\u0103cut t\u0103ieri \u0219i \u00een alte puncte ale sitului, pentru a se facilita vizibilitatea \u00een anumite direc\u021bii.\u00a0E de presupus\u00a0c\u0103 zona central\u0103, unde se concentreaz\u0103 monumentele din piatr\u0103, era \u0219i ea lipsit\u0103 de p\u0103dure (dar nu de copaci izola\u021bi sau \u00een mici p\u00e2lcuri, care ofereau umbr\u0103 \u0219i valoare estetic\u0103). \u00cens\u0103 \u00een restul a\u0219ez\u0103rii,\u00a0p\u0103durea trebuie s\u0103 fi existat, \u00eentre cartiere, pe marginile acestora, pe versan\u021bi \u0219i pe v\u0103ile torentelor, peste tot unde omul nu avea nevoie de teren gol. P\u0103durea este deosebit de important\u0103 pentru o comunitate montan\u0103. Ea ofer\u0103 ad\u0103post, hran\u0103, echilibru, conexiune cu lumea nev\u0103zut\u0103.<\/p>\n<p style=\"text-align: justify;\">Pe de alt\u0103 parte, chiar dac\u0103 zona central\u0103 era lipsit\u0103 de p\u0103dure \u00een vremea dacilor, ar fi o gre\u0219eal\u0103 s\u0103 ne imagin\u0103m c\u0103 ar putea func\u021biona la fel \u0219i azi. Acum 2000 de ani, acolo exista o cetate vie, func\u021bional\u0103. Terasele erau protejate de ziduri de sus\u021binere, din piatr\u0103, exista o \u00eentreag\u0103 re\u021bea de conducte \u0219i canale care drenau apele de pe terase, o infrastructur\u0103 ingenioas\u0103 \u021binea \u00een func\u021biune toat\u0103 a\u0219ezarea. Acestea nu mai exist\u0103 acum.\u00a0S\u0103 tai toat\u0103 p\u0103durea de pe terase \u00eenseamn\u0103 s\u0103 condamni la distrugere sigur\u0103 acest sit, care ast\u0103zi nu are alt\u0103 protec\u021bie. Nivelul p\u00e2nzei freatice va cre\u0219te \u00een absen\u021ba arborilor, terasele o vor lua la vale f\u0103r\u0103 r\u0103d\u0103cinile care s\u0103 le ancoreze. Doar cu un proiect foarte bine g\u00e2ndit, realizat cu speciali\u0219ti din mai mutle domenii, care s\u0103 presupun\u0103 consolidarea \u00eentregului grup central de terase \u0219i asigurarea drenajelor, s-ar putea \u00eenl\u0103tura arborii f\u0103r\u0103 riscuri pentru sit.<\/p>\n<p style=\"text-align: center;\"><strong>\u201eNu t\u0103iem dec\u00e2t dac\u0103 p\u0103m\u00e2ntul \u00eenghea\u021b\u0103 bocn\u0103\u201d<\/strong><\/p>\n<p style=\"text-align: justify;\">S\u0103 ne \u00eentoarcem la cei 100 de fagi care urmau s\u0103 fie t\u0103ia\u021bi \u00een aceas\u0103 iarn\u0103. Se pare c\u0103\u00a0erau marca\u021bi de\u00a0ceva vreme \u0219i se a\u0219tepta momentul propice pentru t\u0103ierea lor, adic\u0103 un \u00eenghe\u021b bocn\u0103 al solului, pentru ca utilajele s\u0103 nu afecteze situl. Iat\u0103 ce declara vicepre\u0219edintele Consiliului Jude\u021bean Hunedoara \u00een data de 9 ianuarie:<\/p>\n<blockquote>\n<p style=\"text-align: justify;\"><em>Opera\u0163iunea de extragere a 100 de arbori periculo\u015fi din incinta Sarmizegetusei Regia mai trebuie s\u0103 a\u015ftepte. Solul nu a \u00eenghe\u0163at, iar pe un sol moale, arheologii nu sunt de acord s\u0103 fie dobor\u00e2\u0163i arbori b\u0103tr\u00e2ni \u015fi de 300 de ani, chiar dac\u0103 fiecare copac este dobor\u00e2t \u201epe buc\u0103\u0163i\u201d. \u201eAm fost recent \u00een zon\u0103. Era z\u0103pad\u0103 de 10-15 centimetri iar sub stratul de nea p\u0103m\u00e2ntul era moale. De atunci \u015fi p\u00e2n\u0103 acum vremea chiar s-a mai \u00eenc\u0103lzit \u00een zon\u0103 a\u015fa c\u0103, deocamdat\u0103, nu ne putem apuca de lucrare\u201d, spune vicepre\u015fedintele CJ Hunedoara, Sorin Adrian Vasilescu. \u00cen cazul \u00een care p\u0103m\u00e2ntul nu \u00eenghea\u0163\u0103 bocn\u0103 p\u00e2n\u0103 \u00een aprilie, cei aproximativ 100 de copaci marca\u0163i pentru t\u0103iere \u00eenc\u0103 din 2016 vor mai trebui s\u0103 a\u015ftepte p\u00e2n\u0103-n iarna viitoare. <\/em><a href=\"http:\/\/glasul-hd.ro\/singura-solutie-pentru-sarmizegetusa-regia-defrisare-ampla\/\" target=\"_blank\">Glasul HD, 9 ianuarie 2018.<\/a><\/p>\n<\/blockquote>\n<p style=\"text-align: justify;\">Zilele calde\u00a0au continuat p\u00e2n\u0103 spre mijlocul lunii ianuarie, c\u00e2nd a nins, \u00eens\u0103 solul nu a \u00eenghe\u021bat dec\u00e2t superficial timp de dou\u0103 sau trei zile. \u00cen data de 17 ianuarie se anun\u021ba c\u0103 pe 22 se \u00eenchide situl pentru o lun\u0103 \u0219i \u00eencep lucr\u0103rile. Ceea ce s-a \u0219i \u00eent\u00e2mplat. Temperaturile ridicate s-au men\u021binut p\u00e2n\u0103 \u00een februarie.<\/p>\n<p style=\"text-align: justify;\">Au fost sco\u0219i 80 de fagi din cei 103 marca\u021bi. Ceilal\u021bi nu puteau fi t\u0103ia\u021bi f\u0103r\u0103 s\u0103 pericliteze monumentele \u0219i trebuiau g\u0103site solu\u021bii adecvate. Lucr\u0103rile s-au oprit \u00een data de 1 februarie. \u00centr-o declara\u021bie de pres\u0103, V. Brylynskei, angajat al\u00a0administra\u021biei sitului, declara c\u0103\u00a0utilajele nu au mai intrat \u00een sit \u00een ultimele 5 zile \u00eenainte de data de 1 februarie, din pricina solului moale. Deci, conform lui, \u00eentre 22 ianuarie \u0219i 27 ianuarie fuseser\u0103 sco\u0219i to\u021bi cei 80 de fagi.<\/p>\n<p style=\"text-align: center;\"><strong>Ochiul zeului<\/strong><\/p>\n<p style=\"text-align: justify;\">Mi-aduc aminte de un curs pasionant,\u00a0din vremea \u00een care studiam limbile clasice la Universitatea din Bucure\u0219ti. \u00cenv\u0103\u021bam despre latina vulgar\u0103 \u0219i, la un moment dat, am analizat \u00een clas\u0103 o inscrip\u021bie a unui tat\u0103\u00a0care scrisese cu gre\u0219eli pe piatra de morm\u00e2nt a fiicei lui. Textul de pe piatr\u0103 era un avertisment pentru poten\u021bialii profanatori ai morm\u00e2ntului:<\/p>\n<blockquote>\n<p style=\"text-align: justify;\"><em>Fossor, uide, ne fodias, deus magnu oclu abet, uide, et tu filios\u00a0abes.<\/em><\/p>\n<p style=\"text-align: justify;\"><em>S\u0103p\u0103torule, ai grij\u0103, nu s\u0103pa, zeul are un ochi mare, ai grij\u0103, ai \u0219i tu ai copii.<\/em><\/p>\n<\/blockquote>\n<p style=\"text-align: justify;\">Imaginea aceasta, amuzant\u0103 \u0219i grav\u0103 \u00een acela\u0219i timp, a zeului care se uit\u0103 mereu la noi cu un (singur) ochi mare, mi-a revenit \u00een minte, dup\u0103 at\u00e2\u021bia ani, \u00een data de 1 februarie a acestui an.<\/p>\n<p style=\"text-align: justify;\">Alerta\u021bi de articolele din pres\u0103 care anun\u021bau planul de eliminare a \u00eentregii p\u0103duri,\u00a0c\u00e2\u021biva reprezentan\u021bi ai asocia\u021biei <a href=\"https:\/\/www.agentgreen.ro\/\" target=\"_blank\">Agent Green<\/a>\u00a0afla\u021bi \u00een zon\u0103 au mers \u00een\u00a0prima zi a lunii februarie la Sarmizegetusa Regia, s\u0103 vad\u0103 ce \u0219i cum se taie \u00een aceast\u0103 etap\u0103. Au \u00eencercat s\u0103 urce \u00een sit, dar nu li s-a permis. Era interdic\u021bie total\u0103, nimeni nu avea voie s\u0103 vad\u0103 ce se \u00eent\u00e2mpl\u0103 acolo. Au cobor\u00e2t din sit arheologul C\u0103t\u0103lin Cristescu, de la Muzeul Civiliza\u021biei Dacice \u0219i Romane Deva \u0219i Vladimir Brylynskei, reprezentantul Serviciului Public de Administrare a Monumentelor Istorice, <a href=\"https:\/\/vimeo.com\/254763142\" target=\"_blank\">cu care au stat de vorb\u0103<\/a>. Discu\u021biile despre scoaterea \u00eentregii p\u0103duri din fondul forestier au \u00eencins spiritele. De\u0219i insista c\u0103 nu se va defri\u0219a, Brylynskei s-a contrazis c\u00e2nd a afirmat tran\u0219ant:<\/p>\n<blockquote>\n<p style=\"text-align: justify;\"><em>Viitorul Sarmizegetusei Regia\u00a0nu va fi unul cu copaci pe el. (<a href=\"https:\/\/vimeo.com\/254763142\" target=\"_blank\">Video \u201eDezastru \u00een situl UNESCO Sarmizegetusa Regia, Agent Green<\/a>, min. 01:57)<\/em><\/p>\n<\/blockquote>\n<p style=\"text-align: justify;\">La plecare, vr\u00e2nd s\u0103 vad\u0103 totu\u0219i ce se \u00eent\u00e2mpl\u0103 \u00een sit, echipa Agent Green a luat c\u00e2teva cadre\u00a0aeriene cu drona.\u00a0Ochiul mare al zeului a vegheat \u0219i de data asta. C\u00e2nd au v\u0103zut imaginile, membrii echipei s-au \u00eengrozit.<\/p>\n<p style=\"text-align: justify;\">Au\u00a0venit la mine \u00eendruma\u021bi de\u00a0o cuno\u0219tin\u021b\u0103 comun\u0103.\u00a0Sunt destui cei care \u0219tiu\u00a0c\u0103 m\u0103 ocup de mul\u021bi ani de acest sit \u0219i c\u0103 am un doctorat \u00een istorie despre Sarmizegetusa Regia. M-au rugat s\u0103 m\u0103 uit pe imagini \u0219i s\u0103 \u00eemi spun p\u0103rerea.<\/p>\n<p style=\"text-align: justify;\"><a href=\"http:\/\/dacica.ro\/aurora\/wp-content\/uploads\/2018\/02\/Dezastru_Sarmizegetusa_3.jpg\"><img loading=\"lazy\" class=\"aligncenter size-full wp-image-3290\" src=\"http:\/\/dacica.ro\/aurora\/wp-content\/uploads\/2018\/02\/Dezastru_Sarmizegetusa_3.jpg\" alt=\"Dezastru_Sarmizegetusa_3\" width=\"1500\" height=\"1125\" srcset=\"https:\/\/dacica.ro\/aurora\/wp-content\/uploads\/2018\/02\/Dezastru_Sarmizegetusa_3.jpg 1500w, https:\/\/dacica.ro\/aurora\/wp-content\/uploads\/2018\/02\/Dezastru_Sarmizegetusa_3-300x225.jpg 300w, https:\/\/dacica.ro\/aurora\/wp-content\/uploads\/2018\/02\/Dezastru_Sarmizegetusa_3-768x576.jpg 768w, https:\/\/dacica.ro\/aurora\/wp-content\/uploads\/2018\/02\/Dezastru_Sarmizegetusa_3-1024x768.jpg 1024w, https:\/\/dacica.ro\/aurora\/wp-content\/uploads\/2018\/02\/Dezastru_Sarmizegetusa_3-1080x810.jpg 1080w\" sizes=\"(max-width: 1500px) 100vw, 1500px\" \/><\/a><\/p>\n<p style=\"text-align: justify;\">\u00cen prima clip\u0103 nu am priceput ce v\u0103d. Un fel de arbore al mor\u021bii, negru, ramificat, \u00ee\u0219i \u00eentindea bra\u021bele \u00een toat\u0103 incinta fortificat\u0103. Erau urmele ad\u00e2nci l\u0103sate de un utilaj greu, \u00een solul moale, \u00eembibat cu ap\u0103. Utilajul f\u0103cuse\u00a0numeroase drumuri prin poarta cet\u0103\u021bii, t\u00e2r\u00e2se dup\u0103 el, pe r\u00e2nd, zeci de buc\u0103\u021bi de trunchiuri,\u00a0fiecare de c\u00e2teva tone, iar zona de intrare \u00een monumentul UNESCO devenise de nerecunoscut. TAF-ul urcase pe toate cele 5 terase dispuse \u00een trepte, p\u00e2n\u0103 pe acropola cet\u0103\u021bii. Pentru cei mai pu\u021bin familiariza\u021bi, iat\u0103 cum arat\u0103 interiorul fortifica\u021biei, cu cele cinci terase ale sale:<\/p>\n<p style=\"text-align: justify;\"><a href=\"http:\/\/dacica.ro\/aurora\/wp-content\/uploads\/2018\/02\/Mode-3D_-Sarmizegetusa-Regia.jpg\"><img loading=\"lazy\" class=\"aligncenter size-full wp-image-3373\" src=\"http:\/\/dacica.ro\/aurora\/wp-content\/uploads\/2018\/02\/Mode-3D_-Sarmizegetusa-Regia.jpg\" alt=\"Mode 3D_ Sarmizegetusa Regia\" width=\"3295\" height=\"1578\" srcset=\"https:\/\/dacica.ro\/aurora\/wp-content\/uploads\/2018\/02\/Mode-3D_-Sarmizegetusa-Regia.jpg 3295w, https:\/\/dacica.ro\/aurora\/wp-content\/uploads\/2018\/02\/Mode-3D_-Sarmizegetusa-Regia-300x144.jpg 300w, https:\/\/dacica.ro\/aurora\/wp-content\/uploads\/2018\/02\/Mode-3D_-Sarmizegetusa-Regia-768x368.jpg 768w, https:\/\/dacica.ro\/aurora\/wp-content\/uploads\/2018\/02\/Mode-3D_-Sarmizegetusa-Regia-1024x490.jpg 1024w, https:\/\/dacica.ro\/aurora\/wp-content\/uploads\/2018\/02\/Mode-3D_-Sarmizegetusa-Regia-1080x517.jpg 1080w\" sizes=\"(max-width: 3295px) 100vw, 3295px\" \/><\/a><\/p>\n<p style=\"text-align: justify;\">Nu erau urmele unui utilaj ce s-a deplasat pe solul \u00eenghe\u021bat bocn\u0103, a\u0219a cum afirmau oficialii c\u0103 se va \u00eent\u00e2mpla. Erau urmele unui masacru. \u00cen imagini se vedea cu claritate un fag proasp\u0103t t\u0103iat, dobor\u00e2t peste zid, pe latura nordic\u0103 a fortifica\u021biei, \u0219i urmele \u00eenc\u0103 unui fag\u00a0pr\u0103bu\u0219it pe zid aproape de intrarea \u00een cetate, dar care fusese scos \u00eentre timp. \u00cen zona sacr\u0103, tractorul forestier f\u0103cuse ture printre temple, tr\u0103g\u00e2nd bu\u0219tenii pe suprafa\u021ba unuia dintre acestea.<\/p>\n<p style=\"text-align: justify;\">Am decis s\u0103 facem un comunicat de pres\u0103 comun (Agent Green &amp; Funda\u021bia Dacica), prin care s\u0103 asemnal\u0103m ce se \u00eent\u00e2mpl\u0103 \u0219i s\u0103 \u00eencerc\u0103m s\u0103 oprim masacrarea sitului. A durat c\u00e2teva zile p\u00e2n\u0103 au ajuns b\u0103ie\u021bii acas\u0103, au montat filmul, am scris \u00eempreun\u0103 textul \u0219i i-am dat drumul.<\/p>\n<p style=\"text-align: justify;\">Reac\u021biile oficialit\u0103\u021bilor au fost stupefiante. Prin\u0219i asupra faptului, \u00een loc s\u0103 \u00ee\u0219i asume cele \u00eent\u00e2mplate, au utilizat tot arsenalul tipic oamenilor cu\u00a0con\u0219tiin\u021ba adormit\u0103: minciuni, dezinformare, atacuri la adresa celor dou\u0103 ONG-uri, atacuri la adresa mea \u0219i a lui Gabriel P\u0103un, liderul Agent Green. A avut loc \u0219i o conferin\u021b\u0103 de pres\u0103 \u00een sit, \u00een data de 12 februarie, la care au participat, din partea oficialit\u0103\u021bilor, aceia\u0219i V. Brylynskei \u0219i C. Cristescu, ale c\u0103ror spuse au fost girate de prof. dr. Gelu Florea, responsabilul \u0219tiin\u021bific al sitului. Nimeni din partea Ministerului Culturii, nimeni din partea Romsilva,\u00a0nici un responsabil din partea CJ (Brylynskei este doar un angajat cu studii medii). Cu aceast\u0103 ocazie presa local\u0103 a preluat punctul de vedere oficial, care a fost favorizat \u0219i de ninsorile abundente care acoperiser\u0103 toate urmele \u00een sit la acea dat\u0103. Unele publica\u021bii\/ posturi s-au dovedit echidistante, cer\u00e2ndu-mi \u0219i mie un punct de vedere (<a href=\"https:\/\/www.youtube.com\/watch?v=6ZMcp0GxCUc\" target=\"_blank\">Info HD\/Replica HD<\/a>). \u0218i pentru c\u0103 aceste neadev\u0103ruri au fost girate \u0219i de nume cu prestan\u021b\u0103, care le-a dat credibilitate, m\u0103 v\u0103d nevoit\u0103 s\u0103 r\u0103spund aici \u0219i s\u0103 aduc l\u0103muriri.<\/p>\n<p style=\"text-align: center;\"><strong>TAF-ul<\/strong><\/p>\n<p style=\"text-align: justify;\">Folosirea tractoarelor grele forestiere \u00eentr-un sit UNESCO ar fi probabil greu de imaginat \u00een alt\u0103 \u021bar\u0103. La noi, conform declara\u021biilor lui V. Brylynskei, Ministerul Culturii a aprobat utilizarea\u00a0acestui utilaj\u00a0\u00een sit, prin dou\u0103 dintre comisiile sale &#8211; cea de arheologie \u0219i cea a monumentelor istorice.<\/p>\n<blockquote>\n<p style=\"text-align: justify;\">V. Brylynskei: \u201e<em>Da, s-a trecut cu TAF-ul. A fost aprobat de c\u0103tre Ministerul Culturii prin avizele Comisiei Na\u0163ionale de Arheologie \u015fi Comisiei Na\u0163ionale a Monumentelor s\u0103 se circule aici sub supraveghere arheologic\u0103. Ceea ce s-a \u015fi f\u0103cut.\u201e<\/em> <a href=\"http:\/\/www.mesagerulhunedorean.ro\/nici-un-monument-nu-a-fost-afectat\/\" target=\"_blank\">Mesagerul Hunedorean, 12.02.2018.<\/a><\/p>\n<\/blockquote>\n<p style=\"text-align: justify;\">Alternativele probabil sunt costisitoare (helicopter cu cargo extern, transport pe cablu), \u00eens\u0103 Consiliul Jude\u021bean s-a angajat s\u0103 ob\u021bin\u0103 fonduri c\u00e2nd a cerut s\u0103 administreze acest sit, acum 5 ani. <a href=\"http:\/\/dacica.ro\/aurora\/fara-finantare-sarmizegetusa-regia\/\" target=\"_blank\">Nu s-a \u021binut de cuv\u00e2nt<\/a> p\u00e2n\u0103 acum. Pentru aceste lucr\u0103ri nu a pl\u0103tit nici un ban, au fost f\u0103cute de Romsilva \u00een regie proprie, cu metodele folosite \u00eentr-o p\u0103dure obi\u0219nuit\u0103. Singura m\u0103sur\u0103 suplimentar\u0103 a fost cea a unei supravegheri arheologice, asigurat\u0103 de C\u0103t\u0103lin Cristescu. \u00cens\u0103 un arheolog trimis s\u0103 supravegheze lucr\u0103rile unui TAF care calc\u0103 totul sub ro\u021bi cu tonajul s\u0103u e ca un negociator trimis pe front \u00een b\u0103taia gloan\u021belor. \u00cen acest caz, responsabilitatea este a celor care au aprobat folosirea utilajului.<\/p>\n<p style=\"text-align: justify;\">Pentru prof. Gelu Florea nu e o problem\u0103 c\u0103 s-a lucrat cu TAF-ul, deoarece, spune el, astfel de ma\u0219ini au mai intrat \u00een sit \u00eencep\u00e2nd cu anul 1950. Nu mi se pare un argument valid. Atunci au intrat \u00een sit \u0219i betoniere, \u0219i buldozere, \u0219i basculante, s-a lucrat ca pe orice \u0219antier\u00a0comunist, iar situl a fost foarte grav afectat: e \u00een regul\u0103 dac\u0103 aceste lucruri s-ar repeta acum? Nu mai suntem \u00een 1950, suntem \u00een 2018, iar \u00eentre timp Sarmizegetusa Regia a devenit parte a Patrimoniului Mondial.<\/p>\n<p style=\"text-align: justify;\">F\u0103c\u00e2nd totu\u0219i o concesie \u0219i admi\u021b\u00e2nd c\u0103 nu se puteau extrage arborii dec\u00e2t cu TAF-ul, se pune \u00eentrebarea \u00een ce condi\u021bii poate fi folosit acest utilaj monstruos \u00eentr-un sit arheologic. R\u0103spunsul a fost dat mai sus de c\u0103tre vicepre\u0219edintele CJ Hunedoara: \u00een condi\u021bii de <em><strong>sol \u00eenghe\u021bat bocn\u0103<\/strong><\/em>. Cum s-a procedat \u00een realitate? F\u0103r\u0103 nici o \u00eendoial\u0103, utilajele au intrat \u00een sit zile la r\u00e2nd pe solul moale, \u00eembibat cu ap\u0103. Probabil c\u0103 \u00eentreaga perioad\u0103 de 10 zile, \u00eentre 22 ianuarie \u0219i 1 februarie, s-a lucrat \u00een aceste condi\u021bii. Temperaturile ajunseser\u0103, la 1 februarie, la 13 grade Celsius \u00een Gr\u0103di\u0219tea de Munte. La altitudinea la care se afl\u0103 situl erau c\u00e2teva grade mai pu\u021bin, \u00eens\u0103 tot mult peste temperatura necesar\u0103.<\/p>\n<p style=\"text-align: justify;\"><em><em><strong>Prima miniciun\u0103.<\/strong>\u00a0<\/em><\/em>Reprezentan\u021bii\u00a0CJ \u0219i arheologii nu \u0219i-au respectat angajamentul. Nu au a\u0219teptat \u00eenghe\u021barea solului \u0219i au permis intrarea utilajului \u00een sit. Prin\u0219i asupra faptului, au sus\u021binut c\u0103 solul era \u00eenghe\u021bat \u00een zilele \u00een care a lucrat utilajul.<\/p>\n<blockquote>\n<p style=\"text-align: justify;\">Gelu Florea:\u00a0<em>De data aceasta <strong>s-a circulat pe un sol \u00eenghe\u0163at<\/strong>, iar urmele l\u0103sate au fost superficiale, nu au deranjat cu nimic stratul arheologic. <strong>S-a circulat doar c\u00e2nd solul a fost \u00eenghe\u0163at.<\/strong>\u00a0\u00a0<a href=\"http:\/\/glasul-hd.ro\/arheologii-despre-taierile-de-copaci-de-la-regia-monumentul-nu-fost-afectat\/\" target=\"_blank\">Glasul HD, 13.02.2018.<\/a><\/em><\/p>\n<p style=\"text-align: justify;\"><em>Arheologul care a supravegheat lucr\u0103rile silvice din situl cet\u0103\u0163ii, C\u0103t\u0103lin Cristescu, a mai spus c\u0103 s-a intrat cu utilajul \u00een sit <strong>doar \u00een zilele \u00een care solul era \u00eenghe\u0163at, \u00een rest, acest lucru nu a fost permis<\/strong>.<\/em>\u00a0<a href=\"http:\/\/www.mesagerulhunedorean.ro\/nici-un-monument-nu-a-fost-afectat\/\" target=\"_blank\">Mesagerul Hunedorean, 12.02.2018.<\/a><\/p>\n<\/blockquote>\n<p style=\"text-align: justify;\">Locuiesc permanent la o distan\u021b\u0103 de cca 45 km (pe \u0219osea) dep\u0103rtare de Sarmizegetusa Regia, \u00een mun\u021bi, la o altitudine similar\u0103 cu cea de la poalele Dealului Gr\u0103di\u0219tii. \u0218tiu cum a fost vremea \u00een zona cet\u0103\u021bilor \u00een fiecare zi. To\u021bi locuitorii din zon\u0103 \u0219tiu c\u0103 a fost o iarn\u0103 cald\u0103, iar p\u0103m\u00e2ntul nu a \u00eenghe\u021bat dec\u00e2t 2-3 zile, pe la mijlocul lunii, \u0219i doar superficial (o pojghi\u021b\u0103 de c\u00e2\u021biva centimetri grosime). Speciali\u0219tii \u00een lucr\u0103ri silvice sus\u021bin c\u0103 pentru ca TAF-ul s\u0103 poat\u0103 circula f\u0103r\u0103 s\u0103 afecteze solul,\u00a0acesta trebuie s\u0103 fie \u00eenghe\u021bat bocn\u0103 p\u00e2n\u0103 la ad\u00e2ncimea de 20-25 cm. Acest lucru nu se poate \u00eent\u00e2mpla dec\u00e2t dup\u0103 cel pu\u021bin trei zile consecutive cu temperaturi minime de -20\/-25 grade. Dar o asemenea temperatur\u0103 nu a existat \u00een nici o zi aici \u00een luna ianuarie. <a href=\"https:\/\/www.accuweather.com\/en\/ro\/gradistea-de-munte\/279373\/january-weather\/279373?monyr=1\/1\/2018\" target=\"_blank\">Arhivele <\/a>cu starea vremii \u00een Gr\u0103di\u0219tea de Munte arat\u0103 clar acest lucru, chiar dac\u0103 pentru altitudinea la care se afl\u0103 cetatea trebuie s\u0103 mai sc\u0103dem 3-4 grade. Oricum imaginile arat\u0103 clar f\u0103ga\u0219ele ad\u00e2nci, care nu ar fi luat na\u0219tere dac\u0103 solul ar fi fost \u00eenghe\u021bat.<\/p>\n<p style=\"text-align: justify;\"><em><strong>A doua minciun\u0103.<\/strong>\u00a0<\/em>Con\u0219tien\u021bi totu\u0219i c\u0103 era cald \u00een ziua \u00een care Agent Green a fost la Sarmizegetusa, oficialii au venit cu o a doua minciun\u0103:\u00a0aceea c\u0103 TAF-ul nu\u00a0intrase \u00een sit \u00een ultimele 5 zile \u00eenaintea film\u0103rii, din pricina temperaturilor ridicate. Adic\u0103 ar fi scos to\u021bi cei 80 de fagi \u00een 5 zile, \u00eentre 22 \u0219i 27 ianuarie.<\/p>\n<blockquote>\n<p style=\"text-align: justify;\">V. Brylynskei: <em>Acele imagini hidoase au fost surprinse <strong>la 5 zile dup\u0103 ce s-a circulat cu utilajele<\/strong>. Apoi vremea s-a \u00eenc\u0103lzit \u015fi z\u0103pada s-a topit mai \u00eent\u00e2i pe urmele f\u0103cute. <a href=\"http:\/\/glasul-hd.ro\/arheologii-despre-taierile-de-copaci-de-la-regia-monumentul-nu-fost-afectat\/\" target=\"_blank\">Glasul HD, 13.02.2018.<\/a><\/em><\/p>\n<\/blockquote>\n<p style=\"text-align: justify;\">Ceea ce\u00a0Brylynskei nu \u0219tie \u0219i\u00a0afl\u0103\u00a0abia acum este c\u0103 Agent Green a filmat dou\u0103 zile la r\u00e2nd, pe 1 \u0219i pe 2 februarie. Pentru c\u0103 \u00een prima zi a fost soare \u0219i umbrele copacilor \u00eenc\u0103rcau imaginea, tinerii s-au dus \u0219i a doua zi, pe vreme cu nori, \u0219i au mai filmat o dat\u0103. Pentru montajul f\u0103cut public s-au ales preponderent imagini din 2 februarie, care erau mai bune.\u00a0\u00cen imaginile din 1 februarie, nedifuzate, TAF-ul este \u00een mijlocul sitului, \u00een plin\u0103 ac\u021biune, cum probabil a fost \u00een fiecare zi.\u00a0\u00cen imaginile din 2 februarie, TAF-ul este \u00een parcare (probabil ca urmare a discu\u021biilor din ziua anterioar\u0103). Convins c\u0103 nu \u0219tim ce s-a \u00eent\u00e2mplat \u00een ziua anterioar\u0103, Brylynskei a ticluit minciuna c\u0103 utilajul nu a mai circulat de 5 zile.\u00a0<em>Deus magnu oclu abet&#8230;<\/em><\/p>\n<p style=\"text-align: justify;\"><a href=\"http:\/\/dacica.ro\/aurora\/wp-content\/uploads\/2018\/02\/Taful-in-cetate.jpg\"><img loading=\"lazy\" class=\"aligncenter size-full wp-image-3355\" src=\"http:\/\/dacica.ro\/aurora\/wp-content\/uploads\/2018\/02\/Taful-in-cetate.jpg\" alt=\"Taful in cetate\" width=\"2992\" height=\"1942\" srcset=\"https:\/\/dacica.ro\/aurora\/wp-content\/uploads\/2018\/02\/Taful-in-cetate.jpg 2992w, https:\/\/dacica.ro\/aurora\/wp-content\/uploads\/2018\/02\/Taful-in-cetate-300x195.jpg 300w, https:\/\/dacica.ro\/aurora\/wp-content\/uploads\/2018\/02\/Taful-in-cetate-768x498.jpg 768w, https:\/\/dacica.ro\/aurora\/wp-content\/uploads\/2018\/02\/Taful-in-cetate-1024x665.jpg 1024w, https:\/\/dacica.ro\/aurora\/wp-content\/uploads\/2018\/02\/Taful-in-cetate-1080x701.jpg 1080w\" sizes=\"(max-width: 2992px) 100vw, 2992px\" \/><\/a><\/p>\n<div id=\"attachment_3342\" style=\"width: 4541px\" class=\"wp-caption aligncenter\"><a href=\"http:\/\/dacica.ro\/aurora\/wp-content\/uploads\/2018\/02\/taf2.jpg\"><img aria-describedby=\"caption-attachment-3342\" loading=\"lazy\" class=\"wp-image-3342 size-full\" src=\"http:\/\/dacica.ro\/aurora\/wp-content\/uploads\/2018\/02\/taf2.jpg\" alt=\"taf2\" width=\"4531\" height=\"2831\" srcset=\"https:\/\/dacica.ro\/aurora\/wp-content\/uploads\/2018\/02\/taf2.jpg 4531w, https:\/\/dacica.ro\/aurora\/wp-content\/uploads\/2018\/02\/taf2-300x187.jpg 300w, https:\/\/dacica.ro\/aurora\/wp-content\/uploads\/2018\/02\/taf2-768x480.jpg 768w, https:\/\/dacica.ro\/aurora\/wp-content\/uploads\/2018\/02\/taf2-1024x640.jpg 1024w, https:\/\/dacica.ro\/aurora\/wp-content\/uploads\/2018\/02\/taf2-1080x675.jpg 1080w\" sizes=\"(max-width: 4531px) 100vw, 4531px\" \/><\/a><p id=\"caption-attachment-3342\" class=\"wp-caption-text\">TAF-ul \u00een data de 1 februarie<\/p><\/div>\n<div id=\"attachment_3343\" style=\"width: 3204px\" class=\"wp-caption aligncenter\"><a href=\"http:\/\/dacica.ro\/aurora\/wp-content\/uploads\/2018\/02\/taf3.jpg\"><img aria-describedby=\"caption-attachment-3343\" loading=\"lazy\" class=\"wp-image-3343 size-full\" src=\"http:\/\/dacica.ro\/aurora\/wp-content\/uploads\/2018\/02\/taf3.jpg\" alt=\"taf3\" width=\"3194\" height=\"2046\" srcset=\"https:\/\/dacica.ro\/aurora\/wp-content\/uploads\/2018\/02\/taf3.jpg 3194w, https:\/\/dacica.ro\/aurora\/wp-content\/uploads\/2018\/02\/taf3-300x192.jpg 300w, https:\/\/dacica.ro\/aurora\/wp-content\/uploads\/2018\/02\/taf3-768x492.jpg 768w, https:\/\/dacica.ro\/aurora\/wp-content\/uploads\/2018\/02\/taf3-1024x656.jpg 1024w, https:\/\/dacica.ro\/aurora\/wp-content\/uploads\/2018\/02\/taf3-1080x692.jpg 1080w\" sizes=\"(max-width: 3194px) 100vw, 3194px\" \/><\/a><p id=\"caption-attachment-3343\" class=\"wp-caption-text\">TAF-ul \u00een data de 2 februarie<\/p><\/div>\n<p style=\"text-align: justify;\">Imaginile aeriene arat\u0103 f\u0103ga\u0219e foarte ad\u00e2nci, care taie solul. Cei ce se pricep la astfel de lucr\u0103ri sus\u021bin c\u0103 greutatea TAF-ului este de cel pu\u021bin 7,5 tone, trunchiurile au p\u00e2n\u0103 la 8 tone, iar la acest total se mai adaug\u0103 cca 3-4 tone din efortul TAF-ului, care derapeaz\u0103 pe sol moale \u0219i pe teren \u00eenclinat, cum sunt taluzurile \u00eenalte de c\u00e2\u021biva metri dintre terasele cet\u0103\u021bii. \u00cen aceste condi\u021bii, \u0219an\u021burile formate ajung la o ad\u00e2ncime de 40 cm. Nivelul arheologic \u00eencepe la o ad\u00e2ncime nu mai mare de 10-15 cm. Prin urmare, este evident c\u0103 stratul arheologic a fost afectat.<\/p>\n<blockquote>\n<p style=\"text-align: justify;\">V. Brylynskei: <em>Nici un centimetru de strat arheologic nu a fost distrus.<\/em>\u00a0<a href=\"http:\/\/www.mesagerulhunedorean.ro\/taierile-de-arbori-de-la-sarmizegetusa-regia-sunt-legale\/\" target=\"_blank\">Mesagerul Hunedorean, 11.02.2018.<\/a><\/p>\n<\/blockquote>\n<p style=\"text-align: justify;\"><strong><em>A treia minciun\u0103.\u00a0<\/em><\/strong>Conform unei declara\u021bii a reprezentan\u021bilor Consiliului Jude\u021bean, \u00een sit era strat de z\u0103pad\u0103 suficient de gros, astfel \u00eenc\u00e2t traseul turistic s\u0103 nu fie afectat. \u00cen realitate,\u00a0intrarea \u00een monumentul UNESCO, prin Poarta de Vest, s-a transformat \u00eentr-un c\u00e2mp de noroaie ad\u00e2nci.<\/p>\n<blockquote>\n<p style=\"text-align: justify;\">CJ Hunedoara: <em>\u00cen sit exist\u0103 un strat suficient de z\u0103pad\u0103 astfel \u00eenc\u00e2t s\u0103 nu fie afectat\u0103 principala cale de acces de pe traseul turistic.\u00a0<\/em><a href=\"http:\/\/adevarul.ro\/locale\/hunedoara\/scandal-taierile-sarmizegetusa-regia-imaginile-filmate-drona-zona-interzisa-i-au-revoltat-ecologisti-1_5a7c0c35df52022f7550b34a\/index.html\" target=\"_blank\">Adev\u0103rul, 08.02.2018.<\/a><\/p>\n<\/blockquote>\n<p style=\"text-align: justify;\">Vede\u021bi mai jos cum artat\u0103 principala cale de acces, prin Poarta de Vest.<\/p>\n<div id=\"attachment_3351\" style=\"width: 3060px\" class=\"wp-caption aligncenter\"><a href=\"http:\/\/dacica.ro\/aurora\/wp-content\/uploads\/2018\/02\/santuri-taf.jpg\"><img aria-describedby=\"caption-attachment-3351\" loading=\"lazy\" class=\"wp-image-3351 size-full\" src=\"http:\/\/dacica.ro\/aurora\/wp-content\/uploads\/2018\/02\/santuri-taf.jpg\" alt=\"santuri taf\" width=\"3050\" height=\"1953\" srcset=\"https:\/\/dacica.ro\/aurora\/wp-content\/uploads\/2018\/02\/santuri-taf.jpg 3050w, https:\/\/dacica.ro\/aurora\/wp-content\/uploads\/2018\/02\/santuri-taf-300x192.jpg 300w, https:\/\/dacica.ro\/aurora\/wp-content\/uploads\/2018\/02\/santuri-taf-768x492.jpg 768w, https:\/\/dacica.ro\/aurora\/wp-content\/uploads\/2018\/02\/santuri-taf-1024x656.jpg 1024w, https:\/\/dacica.ro\/aurora\/wp-content\/uploads\/2018\/02\/santuri-taf-1080x692.jpg 1080w\" sizes=\"(max-width: 3050px) 100vw, 3050px\" \/><\/a><p id=\"caption-attachment-3351\" class=\"wp-caption-text\">Urmele TAF-ului la Poarta de Vest a cet\u0103\u021bii<\/p><\/div>\n<p style=\"text-align: justify;\">Afirma\u021bia c\u0103\u00a0stratul arheologic nu a fost afectat, f\u0103cut\u0103 de arheologi, nu are valoare \u00een aceast\u0103 situa\u021bie, deoarece se bazeaz\u0103 pe o minciun\u0103. Solul nu a fost \u00eenghe\u021bat, iar TAF-ul a intrat \u00een p\u0103m\u00e2nt p\u00e2n\u0103 la ad\u00e2ncimea de cel pu\u021bin 40 de cm. Faptul c\u0103 a trecut pe traseele pe care au mai umblat utilaje acum c\u00e2teva decenii, a\u0219a cum <a href=\"http:\/\/glasul-hd.ro\/arheologii-despre-taierile-de-copaci-de-la-regia-monumentul-nu-fost-afectat\/\" target=\"_blank\">afirm\u0103 Gelu Florea<\/a>, nu exclude stric\u0103ciuni aduse sitului, din contr\u0103, poate ad\u0103uga unele noi la cele din deceniile trecute. Am s\u0103 ar\u0103t doar c\u0103 pe cea mai \u00eenalt\u0103 teras\u0103, acolo unde scanarea LiDAR a pus \u00een eviden\u021b\u0103 urmele unei <a href=\"http:\/\/www.academia.edu\/8181578\/A._Pe%C8%9Ban_Sarmizegetusa_Regia_%C3%AEn_timpul_lui_Burebista._Problema_re%C8%99edin%C8%9Bei_regale_II._Datele_arheologice_Rapoartele_CSFD_2_2014_p._12-33_\" target=\"_blank\">cl\u0103diri <\/a>cu baza p\u0103trat\u0103, cu latura de 10,5 m, TAF-ul a trecut chiar peste acea baz\u0103 de cl\u0103dire. \u0218tiu c\u0103 echipa oficial\u0103 nu recunoa\u0219te existen\u021ba acestui vestigiu, \u00eens\u0103 acum c\u00e2\u021biva ani a g\u0103sit \u00een s\u0103p\u0103tur\u0103 resturile ei r\u0103v\u0103\u0219ite (blocuri de calcar incendiate, feronerie de la o suprastructur\u0103 din lemn etc.). Tot pe terasa I, pe unde s-a plimbat TAF-ul, s\u0103p\u0103turile de la \u00eenceputul sec. al XIX-lea au adus la lumin\u0103 oseminte umane.<\/p>\n<p><a href=\"http:\/\/dacica.ro\/aurora\/wp-content\/uploads\/2018\/02\/Sarmizegetusa-Regia_terasa1.jpg\"><img loading=\"lazy\" class=\"aligncenter size-full wp-image-3341\" src=\"http:\/\/dacica.ro\/aurora\/wp-content\/uploads\/2018\/02\/Sarmizegetusa-Regia_terasa1.jpg\" alt=\"Sarmizegetusa Regia_terasa1\" width=\"3821\" height=\"2265\" srcset=\"https:\/\/dacica.ro\/aurora\/wp-content\/uploads\/2018\/02\/Sarmizegetusa-Regia_terasa1.jpg 3821w, https:\/\/dacica.ro\/aurora\/wp-content\/uploads\/2018\/02\/Sarmizegetusa-Regia_terasa1-300x178.jpg 300w, https:\/\/dacica.ro\/aurora\/wp-content\/uploads\/2018\/02\/Sarmizegetusa-Regia_terasa1-768x455.jpg 768w, https:\/\/dacica.ro\/aurora\/wp-content\/uploads\/2018\/02\/Sarmizegetusa-Regia_terasa1-1024x607.jpg 1024w, https:\/\/dacica.ro\/aurora\/wp-content\/uploads\/2018\/02\/Sarmizegetusa-Regia_terasa1-1080x640.jpg 1080w\" sizes=\"(max-width: 3821px) 100vw, 3821px\" \/><\/a><\/p>\n<p style=\"text-align: justify;\">Utilajul a trecut peste mai multe zone sensibile din interiorul fortifica\u021biei (cisterna de pe terasa IV, de exemplu), precum \u0219i peste zone despre care \u00eenc\u0103 nu \u0219tim nimic din punct de vedere arheologic.<\/p>\n<p style=\"text-align: justify;\">\u00cen zona sacr\u0103, TAF-ul a f\u0103cut mai pu\u021bine drumuri, pentru c\u0103 au fost sco\u0219i doar c\u00e2\u021biva fagi de pe terasa IX \u0219i din marginea nordic\u0103 a terasei XI. Traiectoria sa printre temple este foarte clar\u0103. \u00cen zona templului mare circular, utilajul a trecut cu tonajul s\u0103u \u0219i cu cel al bu\u0219teanului pe care \u00eel c\u0103ra peste platforma rectangular\u0103 de calcar de l\u00e2ng\u0103 acest monument, care nu era vizibil\u0103, fiind acoperit\u0103 de un strat sub\u021bire de z\u0103pad\u0103. Putea fi ocolit\u0103. Desigur, e posibil s\u0103 nu fi p\u0103\u021bit nimic, dar asta nu scuz\u0103 neglijen\u021ba.<\/p>\n<p style=\"text-align: justify;\"><a href=\"http:\/\/dacica.ro\/aurora\/wp-content\/uploads\/2018\/02\/Taful-in-zona-sacra-2.jpg\"><img loading=\"lazy\" class=\"aligncenter size-full wp-image-3362\" src=\"http:\/\/dacica.ro\/aurora\/wp-content\/uploads\/2018\/02\/Taful-in-zona-sacra-2.jpg\" alt=\"Taful in zona sacra 2\" width=\"3441\" height=\"2368\" srcset=\"https:\/\/dacica.ro\/aurora\/wp-content\/uploads\/2018\/02\/Taful-in-zona-sacra-2.jpg 3441w, https:\/\/dacica.ro\/aurora\/wp-content\/uploads\/2018\/02\/Taful-in-zona-sacra-2-300x206.jpg 300w, https:\/\/dacica.ro\/aurora\/wp-content\/uploads\/2018\/02\/Taful-in-zona-sacra-2-768x529.jpg 768w, https:\/\/dacica.ro\/aurora\/wp-content\/uploads\/2018\/02\/Taful-in-zona-sacra-2-1024x705.jpg 1024w, https:\/\/dacica.ro\/aurora\/wp-content\/uploads\/2018\/02\/Taful-in-zona-sacra-2-1080x743.jpg 1080w, https:\/\/dacica.ro\/aurora\/wp-content\/uploads\/2018\/02\/Taful-in-zona-sacra-2-88x60.jpg 88w\" sizes=\"(max-width: 3441px) 100vw, 3441px\" \/><\/a><\/p>\n<p style=\"text-align: justify;\">\u00cen zona templului mic de calcar, TAF-ul a t\u00e2r\u00e2t un arbore pe suprafa\u021ba acestui templu, pe sfertul s\u0103u nord-estic, inclusiv peste o plint\u0103. Oficialii au declarat c\u0103 taful nu a trecut peste templu, ci doar ni\u0219te crengi au atins z\u0103pada. Urmele ad\u00e2nci arat\u0103 c\u0103 nu e vorba de crengi, ci de un bu\u0219tean foarte gros. S-a mai spus c\u0103 acea plint\u0103 este o replic\u0103 din 1980. \u00cen opinia mea, nu are importan\u021b\u0103 de c\u00e2nd este: nu s-a trecut <em>doar<\/em> pe acea plint\u0103, ci <em>pe toat\u0103 suprafa\u021ba acelui col\u021b de templu<\/em>, care este totu\u0219i dacic, nu comunist. Iar pentru ca lucrurile s\u0103 fie \u0219i mai clare: chiar \u00een acel col\u021b sunt depozitate elementele originale ale templului, plintele de calcar dacice, scoase de la locul lor \u00een 1980 \u0219i vizibile sub z\u0103pad\u0103 \u00een fotografia de mai jos.<\/p>\n<p style=\"text-align: justify;\"><a href=\"http:\/\/dacica.ro\/aurora\/wp-content\/uploads\/2018\/02\/taf5.jpg\"><img loading=\"lazy\" class=\"aligncenter size-full wp-image-3358\" src=\"http:\/\/dacica.ro\/aurora\/wp-content\/uploads\/2018\/02\/taf5.jpg\" alt=\"taf5\" width=\"3050\" height=\"2287\" srcset=\"https:\/\/dacica.ro\/aurora\/wp-content\/uploads\/2018\/02\/taf5.jpg 3050w, https:\/\/dacica.ro\/aurora\/wp-content\/uploads\/2018\/02\/taf5-300x225.jpg 300w, https:\/\/dacica.ro\/aurora\/wp-content\/uploads\/2018\/02\/taf5-768x576.jpg 768w, https:\/\/dacica.ro\/aurora\/wp-content\/uploads\/2018\/02\/taf5-1024x768.jpg 1024w, https:\/\/dacica.ro\/aurora\/wp-content\/uploads\/2018\/02\/taf5-1080x810.jpg 1080w\" sizes=\"(max-width: 3050px) 100vw, 3050px\" \/><\/a><\/p>\n<p style=\"text-align: center;\"><strong>Dobor\u00e2rea arborilor pe ziduri<\/strong><\/p>\n<p style=\"text-align: justify;\">Cel pu\u021bin doi fagi au fost dobor\u00e2\u021bi pe ziduri c\u00e2nd au fost t\u0103ia\u021bi: unul pe latura nordic\u0103, cel\u0103lalt pe latura sudic\u0103 a fortifica\u021biei. Cred \u00eens\u0103 c\u0103 se putea g\u0103si o solu\u021bie \u00een ambele cazuri, o alt\u0103 traiectorie sau o alt\u0103 metod\u0103. Consiliul Jude\u021bean ar fi vrut s\u0103 aduc\u0103 alpini\u0219ti utilitari, care s\u0103 taie copacii de sus \u00een jos, \u00eens\u0103 au considerat c\u0103 e prea costisitor (4000 euro\/copac; este de verificat dac\u0103 aceast\u0103 sum\u0103 e veridic\u0103). Cum oricum nu pl\u0103tise nimic pentru aceste lucr\u0103ri (f\u0103cute \u00een regie proprie de Romsilva), era prea mult s\u0103 scoat\u0103 ni\u0219te bani din buzunar pentru a asigura protec\u021bia sitului.<\/p>\n<p style=\"text-align: justify;\"><em><em><strong>A patra minciun\u0103.<\/strong>\u00a0<\/em><\/em>Imediat dup\u0103 lansarea comunicatului nostru, V. Brylynskei a ie\u0219it cu urm\u0103toarea declara\u021bie: copacii nu au fost dobor\u00e2\u021bi \u00een timpul t\u0103ierilor, ci <em><strong>au c\u0103zut singuri\u00a0\u00eenainte<\/strong><\/em>:<\/p>\n<blockquote>\n<p style=\"text-align: justify;\"><em>Vestigiile nu au fost afectate de t\u0103ieri. <strong>Copacii pr\u0103bu\u015fi\u0163i peste zid au c\u0103zut \u00eenainte de \u00eenceputul ac\u0163iunilor de extragere, nu \u00een timpul t\u0103ierilor<\/strong>.\u00a0<\/em><a href=\"http:\/\/adevarul.ro\/locale\/hunedoara\/scandal-taierile-sarmizegetusa-regia-imaginile-filmate-drona-zona-interzisa-i-au-revoltat-ecologisti-1_5a7c0c35df52022f7550b34a\/index.html\" target=\"_blank\">Adev\u0103rul, 08.02.2018.<\/a><\/p>\n<\/blockquote>\n<p style=\"text-align: justify;\">Minciuna era evident\u0103. Arborele\u00a0fusese proasp\u0103t t\u0103iat la nivelul solului, picase peste stratul de z\u0103pad\u0103 care acopera solul \u0219i zidul, iar rumegu\u0219ul ar\u0103ta clar c\u0103 fusese t\u0103iat dup\u0103 ultima ninsoare &#8211; poate chiar \u00een acea zi sau cu o zi \u00eenainte.<\/p>\n<p style=\"text-align: justify;\">Minciuna era a\u0219a de grosolan\u0103, c\u0103 foarte pu\u021bini l-au crezut. Era nevoie de ceva mai credibil. Dup\u0103 c\u00e2teva zile,\u00a0arheologul C\u0103t\u0103lin Cristescu, care a supravegheat lucr\u0103rile,\u00a0<a href=\"http:\/\/adevarul.ro\/locale\/hunedoara\/arheologii-sarmizegetusa-regia-scandalul-taierilor-copaci-vestigiile-sitului-unesco-nu-fost-afectate-1_5a818d65df52022f75754436\/index.html\" target=\"_blank\">recunoa\u0219te c\u0103 fagul fusese t\u0103iat<\/a>\u00a0\u0219i, implicit, c\u0103 Brylynskei min\u021bise. Dar arheologul trebuia cumva s\u0103 se disculpe, deoarece el supraveghease lucr\u0103rile, a\u0219a c\u0103 a \u00eenlocuit o minciun\u0103 cu alta.<\/p>\n<p style=\"text-align: justify;\"><strong><em>A cincea minciun\u0103.\u00a0<\/em><\/strong>A\u0219adar, Cristescu a venit cu explica\u021bia c\u0103 copacul nu s-a pr\u0103bu\u0219it pe zid, ci doar \u201ea c\u0103zut \u00een direc\u021bia zidului\u201d, iar ni\u0219te crengi \u201es-au \u00eenfipt\u201d \u00een malul de p\u0103m\u00e2nt de deasupra zidului. Un profan poate s\u0103-l cread\u0103, dar eu nu \u00eel cred. Deasupra zidului <em>nu exist\u0103 nici un \u201emal\u201d<\/em>. Exist\u0103 doar umplutura zidului, emplectonul, care este parte a zidului.\u00a0\u00cen plus, o parte a coroanei copacului a ajuns \u00een mod clar dincolo de zid, lucru care nu ar fi fost posibil dac\u0103 doar ni\u0219te crengi s-ar fi \u00eenfipt \u201edeasupra\u201d zidului. Este evident c\u0103 fagul a c\u0103zut cu partea superioar\u0103 a trunchiului pe zid, iar toat\u0103 coroana sa se afl\u0103 pe zid \u0219i dincolo de acesta.<\/p>\n<p style=\"text-align: justify;\">Nu se vede din imaginea aerian\u0103 cum arat\u0103 zidul \u00een acel loc. Jurnali\u0219tii care au fost acolo <a href=\"https:\/\/www.facebook.com\/agentgreen.ro\/posts\/1741670815891622\" target=\"_blank\">spun c\u0103 fortifica\u021bia era avariat\u0103<\/a>. Arheologii spun c\u0103 era avariat\u0103 dinainte \u0219i c\u0103 e doar o coinciden\u021b\u0103 c\u0103 a picat un fag chiar acolo.<\/p>\n<p style=\"text-align: justify;\">Mai adaug c\u0103 acest fag, ca \u0219i to\u021bi cei t\u0103ia\u021bi pe terasele I, II \u0219i III (\u0219i\u00a0c\u00e2\u021biva de pe terasa IV), se afl\u0103 departe de zona turistic\u0103 vizitabil\u0103 \u0219i nu i-ar fi\u00a0pus \u00een pericol \u00een nici un fel pe turi\u0219ti. Accesul turi\u0219tilor este interzis \u00een interiorul fortifica\u021biei, cu excep\u021bia potecii care traverseaz\u0103 incinta de la vest la est \u0219i a potecii care merge pe l\u00e2ng\u0103 zid, \u00eentre cele dou\u0103 por\u021bi men\u021bionate. Deci\u00a0au existat alte motive pentru scoaterea lor.<a href=\"http:\/\/dacica.ro\/aurora\/wp-content\/uploads\/2018\/02\/fag-peste-zid-1.jpg\"><img loading=\"lazy\" class=\"aligncenter size-full wp-image-3346\" src=\"http:\/\/dacica.ro\/aurora\/wp-content\/uploads\/2018\/02\/fag-peste-zid-1.jpg\" alt=\"fag peste zid 1\" width=\"3147\" height=\"2360\" srcset=\"https:\/\/dacica.ro\/aurora\/wp-content\/uploads\/2018\/02\/fag-peste-zid-1.jpg 3147w, https:\/\/dacica.ro\/aurora\/wp-content\/uploads\/2018\/02\/fag-peste-zid-1-300x225.jpg 300w, https:\/\/dacica.ro\/aurora\/wp-content\/uploads\/2018\/02\/fag-peste-zid-1-768x576.jpg 768w, https:\/\/dacica.ro\/aurora\/wp-content\/uploads\/2018\/02\/fag-peste-zid-1-1024x768.jpg 1024w, https:\/\/dacica.ro\/aurora\/wp-content\/uploads\/2018\/02\/fag-peste-zid-1-1080x810.jpg 1080w\" sizes=\"(max-width: 3147px) 100vw, 3147px\" \/><\/a><\/p>\n<p style=\"text-align: justify;\"><strong><em>A \u0219asea minciun\u0103.\u00a0<\/em><\/strong>Trebuia g\u0103sit\u0103 o explica\u021bie \u0219i pentru cel de-al doilea fag pr\u0103bu\u0219it pe zid. Cristescu a venit cu hilara explica\u021bie c\u0103 fagul nu a c\u0103zut pe zid, ci \u00een apropierea lui, iar c\u00e2teva crengi \u201eau fost proiectate\u201d pe zid \u0219i dincolo de acesta. \u00cen imagine se vede limpede urma coerent\u0103 a coroanei fagului dincolo de zid. \u0218i aici zidul a fost afectat, fapt care se vede \u00een fotografia aerian\u0103. Paramentul interior este dislocat, lipsesc blocuri din el, iar umplutura zidului (emplectonul) este sf\u0103r\u00e2mat\u0103. <a href=\"https:\/\/www.facebook.com\/agentgreen.ro\/posts\/1741670815891622\" target=\"_blank\">Explica\u021bia<\/a>\u00a0oficialilor este aceea\u0219i ca la cel\u0103lalt fag: zidul era distrus dinainte.<\/p>\n<p><a href=\"http:\/\/dacica.ro\/aurora\/wp-content\/uploads\/2018\/02\/fag-peste-zid-2.jpg\"><img loading=\"lazy\" class=\"aligncenter size-full wp-image-3360\" src=\"http:\/\/dacica.ro\/aurora\/wp-content\/uploads\/2018\/02\/fag-peste-zid-2.jpg\" alt=\"fag peste zid 2\" width=\"2700\" height=\"2025\" srcset=\"https:\/\/dacica.ro\/aurora\/wp-content\/uploads\/2018\/02\/fag-peste-zid-2.jpg 2700w, https:\/\/dacica.ro\/aurora\/wp-content\/uploads\/2018\/02\/fag-peste-zid-2-300x225.jpg 300w, https:\/\/dacica.ro\/aurora\/wp-content\/uploads\/2018\/02\/fag-peste-zid-2-768x576.jpg 768w, https:\/\/dacica.ro\/aurora\/wp-content\/uploads\/2018\/02\/fag-peste-zid-2-1024x768.jpg 1024w, https:\/\/dacica.ro\/aurora\/wp-content\/uploads\/2018\/02\/fag-peste-zid-2-1080x810.jpg 1080w\" sizes=\"(max-width: 2700px) 100vw, 2700px\" \/><\/a><\/p>\n<p style=\"text-align: center;\"><strong>Suspiciuni<\/strong><\/p>\n<p style=\"text-align: justify;\">M-am limitat la observa\u021bii cu privire la modul \u00een care consider c\u0103 situl a fost afectat. Exist\u0103 \u00eens\u0103 unele semne de \u00eentrebare legate de valorificarea lemnului scos. Nu m\u0103 pricep la acest domeniu, dar o s\u0103 prezint aici c\u00e2teva aspecte semnalate de al\u021bii, care se pricep.<\/p>\n<p style=\"text-align: justify;\">V. Brylynskei a sus\u021binut c\u0103 to\u021bi arbori sco\u0219i erau bolnavi, \u201eaveau cancer\u201d. El i-a trimis pe reprezentan\u021bii Agent Green la depozitul Gr\u0103di\u0219tea-Anine\u0219, ca s\u0103 vad\u0103 lemnul extras. Ace\u0219tia au constatat c\u0103 multe trunchiuri erau s\u0103n\u0103toase, cum se vede \u0219i \u00een imaginea de mai jos. Ei\u00a0sus\u021bin c\u0103\u00a0\u00een acel moment \u00een depozit existau doar lemnele aduse de la Sarmizegetusa Regia. Dup\u0103 publicarea fotografiilor, Brylynskei a afirmat c\u0103 acele lemne nu provin din sit \u0219i c\u0103 \u00een depozit vin lemne din 6 parchete. Ar trebui investigat acest lucru.<\/p>\n<p style=\"text-align: justify;\"><a href=\"http:\/\/dacica.ro\/aurora\/wp-content\/uploads\/2018\/02\/Dezastru_Sarmizegetusa_7.jpg\"><img loading=\"lazy\" class=\"aligncenter size-full wp-image-3369\" src=\"http:\/\/dacica.ro\/aurora\/wp-content\/uploads\/2018\/02\/Dezastru_Sarmizegetusa_7.jpg\" alt=\"Dezastru_Sarmizegetusa_7\" width=\"1500\" height=\"844\" srcset=\"https:\/\/dacica.ro\/aurora\/wp-content\/uploads\/2018\/02\/Dezastru_Sarmizegetusa_7.jpg 1500w, https:\/\/dacica.ro\/aurora\/wp-content\/uploads\/2018\/02\/Dezastru_Sarmizegetusa_7-300x169.jpg 300w, https:\/\/dacica.ro\/aurora\/wp-content\/uploads\/2018\/02\/Dezastru_Sarmizegetusa_7-768x432.jpg 768w, https:\/\/dacica.ro\/aurora\/wp-content\/uploads\/2018\/02\/Dezastru_Sarmizegetusa_7-1024x576.jpg 1024w, https:\/\/dacica.ro\/aurora\/wp-content\/uploads\/2018\/02\/Dezastru_Sarmizegetusa_7-1080x608.jpg 1080w\" sizes=\"(max-width: 1500px) 100vw, 1500px\" \/><\/a><\/p>\n<p style=\"text-align: justify;\"><a href=\"https:\/\/www.facebook.com\/agentgreen.ro\/posts\/1741670815891622\" target=\"_blank\">Au fost verificate<\/a> cioatele celor doi copaci c\u0103zu\u021bi pe ziduri \u0219i ambele au ar\u0103tat c\u0103 e vorba de copaci s\u0103n\u0103to\u0219i (cel pu\u021bin la baza lor, \u00een zona de t\u0103iere).<\/p>\n<p style=\"text-align: justify;\">Speciali\u0219tii cu care am vorbit afirm\u0103 c\u0103 TAF-ul putea s\u0103 extrag\u0103 bu\u0219tenii t\u0103ia\u021bi la 2 m \u201e\u00een snop\u201d, lega\u021bi cu cablul de tractare \u201e\u00een cruce\u201d, pe scutul tractorului, f\u0103r\u0103 c\u0103 snopul de lemne s\u0103 ating\u0103 p\u0103m\u00e2ntul. Asta ar fi \u00eensemnat \u00eens\u0103 t\u0103ierea trunchiurior \u00een buc\u0103\u021bi mai mici. Faptul c\u0103 au fost menajate lemnele \u00een detrimentul sitului sugereaz\u0103 c\u0103 acestea sunt destinate prelucr\u0103rii superioare (cherestea).<\/p>\n<p style=\"text-align: center;\"><strong>De ce tace Ministerul Culturii?<\/strong><\/p>\n<p style=\"text-align: justify;\">\u00cen momentul de fa\u021b\u0103 pe toat\u0103 planeta exist\u0103 pu\u021bin peste 1000 de monumente \u00eenscrise \u00een Patrimoniul Mondial UNESCO. \u00centre acestea se num\u0103r\u0103 \u0219i Cet\u0103\u021bile dacice din Mun\u021bii Or\u0103\u0219tiei, \u0219ase la num\u0103r, iar Sarmizegetusa Regia este monumentul-vedet\u0103 al acestei serii. \u00cen toate \u021b\u0103rile europene aceste monumente sunt protejate prin legi speciale. La noi exist\u0103 o lege dedicat\u0103 acestor monumente, care prevede obligativitatea ca orice interven\u021bie \u00een sit s\u0103 se fac\u0103 \u00een baza unui plan de gestiune \u0219i protec\u021bie elaborat anual \u00een conformitate cu legea. \u00cen decembrie 2012, printr-o Hot\u0103r\u00e2re de Guvern, Ministerul Culturii a transmis dreptul de administrare a\u00a0 Sarmizegetusei Regia c\u0103tre Consiliul Jude\u021bean Hunedoara. \u00cens\u0103 acesta din urm\u0103 nu a elaborat niciodat\u0103 un plan de gestiune. Ministerul Culturii \u201e\u0219i-a luat m\u00e2na\u201d de pe acest monument \u0219i nu controleaz\u0103 modul \u00een care este administrat. \u00cen 2016, ministrul culturii de atunci, Vlad Alexandrescu, <a href=\"https:\/\/www.facebook.com\/vlad.alexandrescu.oficial\/posts\/484392191732026\" target=\"_blank\">spunea \u00eentr-un r\u0103spuns la o scrisoare deschis\u0103<\/a>:<\/p>\n<blockquote>\n<p style=\"text-align: justify;\"><em>\u201eSitua\u021bia cet\u0103\u021bilor dacice, aflate pe Lista Patrimoniului Mondial UNESCO, este una dintre cele mai \u00eengrijor\u0103toare, ea fiindu-mi semnalat\u0103 pe diferite canale \u00eenc\u0103 din primele zile de c\u00e2nd am preluat mandatul la acest minister. Doresc \u00eens\u0103 s\u0103 v\u0103 reamintesc c\u0103 <strong>Ministerul Culturii (&#8230;) nu de\u021bine, din p\u0103cate, prea multe p\u00e2rghii pentru a interveni direct<\/strong>. Dup\u0103 cum \u0219ti\u021bi din anul 2013, situl arheologic Sarmizegetusa Regia a fost preluat \u00een administrare de Consiliul Jude\u021bean Hunedoara (&#8230;)\u201d.<\/em><\/p>\n<\/blockquote>\n<p style=\"text-align: justify;\">Prin urmare, acest monument extraordinar de valoros se afl\u0103 la dispozi\u021bia ale\u0219ilor locali, care ac\u021bioneaz\u0103 \u00een sit la improviza\u021bie, f\u0103r\u0103 un plan, nu de pu\u021bine ori la limita legii \u0219i care mint \u0219i\u00a0ascund sub pre\u0219 c\u00e2nd sunt nevoi\u021bi s\u0103 acopere neregulile pe care le comit. Din p\u0103cate, \u0219i echipa de arheologi \u00eei sus\u021bine \u0219i le acoper\u0103 incompeten\u021ba. Ministerul ar putea g\u0103si destule p\u00e2rghii, dar are mereu alte priorit\u0103\u021bi.<\/p>\n<p style=\"text-align: center;\"><strong>Concluzii<\/strong><\/p>\n<ol>\n<li style=\"text-align: justify;\">Interven\u021bia Agent Green a avut ca efect retragerea rapid\u0103 a afirma\u021biilor CJ cu privire la eliminarea \u00eentregii p\u0103duri din situl Sarmizegetusa Regia (unele titluri anterioare din pres\u0103 au fost modificate, iar sintagma \u201edefri\u0219are toatal\u0103\u201d a fost \u00eenlocuit\u0103 cu \u201escoatere din fondul forestier\u201d).<\/li>\n<li style=\"text-align: justify;\">Lucr\u0103rile silvice au fost oprite \u00een ziua \u00een care Agent Green a intervenit la Sarmizegetusa Regia. Autorit\u0103\u021bile spun c\u0103 e o \u201ecoinciden\u021b\u0103\u201d \u0219i c\u0103 oricum s-ar fi oprit \u00een acea zi.<\/li>\n<li style=\"text-align: justify;\">\u00cen ciuda asigur\u0103rilor date de CJ c\u0103 nu se va intra cu TAF-ul \u00een sit \u00een aceast\u0103 iarn\u0103 dac\u0103 solul nu \u00eenghea\u021b\u0103 bocn\u0103, s-a intrat. Toat\u0103 luna ianuarie temperaturile au fost ridicate, iar utilajul a intrat ad\u00e2nc \u00een solul moale, afect\u00e2nd nivelul arheologic. S-a min\u021bit c\u0103 solul era \u00eenghe\u021bat \u0219i s-a min\u021bit c\u0103 utilajul nu a ac\u021bionat \u00een ultimele 5 zile \u00eenainte de \u00eenchiderea lucr\u0103rilor. <strong><em>Responsabili pentru pagubele provocate de TAF sunt cei care au dat aviz pentru intrarea\u00a0utilajului \u00een sit \u00een condi\u021bii de sol dezghe\u021bat.<\/em><\/strong><\/li>\n<li style=\"text-align: justify;\">Cel pu\u021bin doi fagi au fost dobor\u00e2\u021bi pe ziduri. \u00cen acest caz, responsabil este cel care a f\u0103cut supravegherea.<\/li>\n<li style=\"text-align: justify;\">Minciunile inventate pentru a ascunde dezastrul provin, \u00een cea mai mare m\u0103sur\u0103, de la V. Brylynskei \u0219i \u021bin de o patologie evident\u0103. Acesta minte foarte frecvent, inclusiv \u00een documente oficiale. \u00cen cazul <a href=\"http:\/\/dacica.ro\/aurora\/data-reala-descoperire-matrita-sarmizegetusa-regia\/\" target=\"_blank\">matri\u021bei <\/a>g\u0103site \u00een 2013 la Sarmizegetusa, el a prezentat patru versiuni diferite, contradictorii; pus de judec\u0103tor s\u0103 justifice contradic\u021biile din declara\u021bii, a afirmat c\u0103 de\u021bine un certificat medical care atest\u0103 c\u0103 sufer\u0103 de \u201est\u0103ri de confuzie \u0219i pierderi de memorie\u201d. Prin urmare, tot ce declar\u0103 acest om trebuie privit cu\u00a0maxim\u0103 circumspec\u021bie. Este interesant c\u0103 sloganul lui preferat \u00een acest scandal a fost: \u201e<a href=\"http:\/\/www.mesagerulhunedorean.ro\/taierile-de-arbori-de-la-sarmizegetusa-regia-sunt-legale\/\" target=\"_blank\">nimeni nu are dreptul s\u0103 mint\u0103<\/a>\u201d, acuz\u00e2nd cele dou\u0103 ONG-uri de minciuni \u0219i dezinformare, \u00een timp ce el \u00eensu\u0219i servea presei minciuni pe band\u0103 rulant\u0103. Este un mister de ce Consiliul Jude\u021bean insist\u0103 s\u0103 \u00eel \u021bin\u0103 pe post pe acest om f\u0103r\u0103 preg\u0103tire \u0219i cu probleme medicale, care afecteaz\u0103 activitatea \u0219i imaginea institu\u021biei.<\/li>\n<li style=\"text-align: justify;\">C\u0103t\u0103lin Cristescu este marea victim\u0103 a acestei administra\u021bii. Este un arheolog bun, dar nu are un caracter suficient de puternic.\u00a0El este cel care a fost pus s\u0103\u00a0supravegheze\u00a0<a href=\"http:\/\/dacica.ro\/aurora\/incendieri-sarmizegetusa-regia\/\" target=\"_blank\">arderile din sit<\/a> \u00een 2013, c\u00e2nd administra\u021bia a produs peste 40 de vetre \u00een cetate \u0219i \u00een zona sacr\u0103, arz\u00e2nd \u00een foc inclusiv blocuri dacice din calcar.\u00a0Cu numele lui a fost semnat\u00a0<a href=\"http:\/\/dacica.ro\/aurora\/evaluarea-raportului-unesco\/\" target=\"_blank\">raportul plin de minciuni<\/a>\u00a0c\u0103te UNESCO \u00een 2014, de\u0219i nu el l-a redactat. \u0218i tot el a fost acum trimis s\u0103 fac\u0103 supraveghere\u00a0\u00een timp ce\u00a0TAF-ul c\u0103lca situl sub ro\u021bi. Probabil c\u0103 pagubele din sit ar fi fost mai mari, dac\u0103 el nu ar fi fost de fa\u021b\u0103. \u00cens\u0103 nu a avut autoritatea s\u0103 opreasc\u0103 dobor\u00e2rea arborilor pe ziduri \u0219i nici intrarea TAF-ului \u00een sit. Totu\u0219i, are o parte din responsabilitate, fiind titularul autoriza\u021biei de supraveghere arheologic\u0103. Dup\u0103 producerea dezastrului, lui Cristescu nu i-a mai r\u0103mas dec\u00e2t s\u0103 mint\u0103 pentru a-\u0219i ap\u0103ra imaginea \u0219i pe cea a administra\u021biei.<\/li>\n<li style=\"text-align: justify;\">Profesorul Gelu Florea\u00a0\u0219i-a \u00eensu\u0219it o serie de minciuni de la colegii \u0219i colaboratorii s\u0103i \u00een care, o spune adesea, are deplin\u0103 \u00eencredere.\u00a0Totu\u0219i,\u00a0sub\u00a0impresia generozit\u0103\u021bii, a omului care se \u00eencrede \u00een echip\u0103 \u0219i face totul pentru ea, pare s\u0103 se ascund\u0103 o incapacitate de decizie \u0219i de asumare a consecin\u021belor. Florea prefer\u0103 s\u0103 sacrifice situl, ca s\u0103 apere imaginea lui Brylynskei \u0219i a lui Cristescu; prefer\u0103 s\u0103 difuzeze minciunile lui Brylynskei, dec\u00e2t s\u0103 declan\u0219eze o anchet\u0103, s\u0103 l\u0103mureasc\u0103 ce s-a \u00eent\u00e2mplat \u0219i abia apoi s\u0103 vin\u0103 cu concluzia c\u0103 totul a fost \u00een regul\u0103. Ar fi de dorit s\u0103 se delimiteze urgent de aceste minciuni, s\u0103 \u00ee\u0219i reconsidere declara\u021biile, s\u0103 reevalueze starea sitului dup\u0103 topirea z\u0103pezii \u0219i s\u0103 comunice public concluziile.<\/li>\n<li style=\"text-align: justify;\">Nici unul dintre \u0219efii lui V. Brylynskei (care este doar un angajat cu studii medii \u0219i cu responsabilit\u0103\u021bi oficiale limitate) nu \u0219i-a asumat public ce s-a \u00eent\u00e2mplat la Sarmizegetusa Regia. Vicepre\u0219edintele CJ, Sorin Vasilescu, care r\u0103spunde de chestiunile de patrimoniu din jude\u021b, a evitat s\u0103 se implice. \u0218efa direct\u0103 a lui Brylynskei, Eugenia Zg\u0103v\u00e2rdean, nu se arat\u0103 niciodat\u0103, nu d\u0103 niciodat\u0103 declara\u021bii \u00een pres\u0103, nu are nici un fel de opinie cu privire la acest sit, nu e v\u0103zut\u0103 niciodat\u0103 \u00een sit, iar salariul de 7866 de lei, pe care \u00eel ia ca \u0219ef\u0103 a administra\u021biei sitului Sarmizegetusa Regia, are probabil scopul de a o \u021bine cu gura \u00eenchis\u0103.<\/li>\n<li style=\"text-align: justify;\">Neadev\u0103rurile cu care s-a r\u0103spuns la semnal\u0103rile f\u0103cute de mine cu privire la aspectele de patrimoniu, girate de nume importante, au afectat imaginea Funda\u021biei pe care o conduc \u0219i pe a mea \u00eens\u0103mi. \u00cen aceea\u0219i situa\u021bie se afl\u0103 \u0219i Gabriel P\u0103un \u0219i Agent Green. Dac\u0103 cei responsabili de aceast\u0103 situa\u021bie nu vor aduce public rectific\u0103rile care se cuvin, vom c\u0103uta c\u0103i legale pentru a ne ap\u0103ra imaginea.<\/li>\n<li style=\"text-align: justify;\">\u00cen data de 8 februarie am sesizat Comisia Na\u021bional\u0103 de Arheologie, Comisia Na\u021bional\u0103 a Monumentelor Istorice \u0219i Institutul Na\u021bional al Patrimoniului cu privire la cele \u00eent\u00e2mplate \u00een sit. Nu a existat nici o reac\u021bie p\u00e2n\u0103 acum.<\/li>\n<li style=\"text-align: justify;\">Toate aspectele de mai sus vor face subiectul unui denun\u021b penal.<\/li>\n<li style=\"text-align: justify;\"><em>Uide,\u00a0deus magnu oclu abet.<\/em><\/li>\n<\/ol>\n<p><a href=\"http:\/\/dacica.ro\/aurora\/despre-mine\/\" target=\"_blank\"><strong>DESPRE MINE<\/strong><\/a><\/p>\n","protected":false},"excerpt":{"rendered":"<p>Recentul scandal al lucr\u0103rilor de t\u0103iere \u0219i extragere a unor arbori din situl Sarmizegetusa Regia cu mijloace \u0219i metode inadecvate pentru un sit UNESCO a eviden\u021biat, \u00eenc\u0103 o dat\u0103, incompeten\u021ba administra\u021biei sitului, dublat\u0103 de o lips\u0103 de caracter a celor vinova\u021bi care, prin\u0219i asupra faptului, au min\u021bit \u0219i i-au def\u0103imat pe cei care au descoperit&#8230;<\/p>\n<div class=\"btnReadMore\"><a href=\"https:\/\/dacica.ro\/aurora\/taf-sarmizegetusa\/\">Read More <i class=\"fa fa-chevron-right i-spcr-l\"><\/i><\/a><\/div>\n","protected":false},"author":1,"featured_media":3290,"comment_status":"closed","ping_status":"open","sticky":false,"template":"","format":"standard","meta":{"_mi_skip_tracking":false},"categories":[16,6],"tags":[42,140,50,130,5,141],"_links":{"self":[{"href":"https:\/\/dacica.ro\/aurora\/wp-json\/wp\/v2\/posts\/3289"}],"collection":[{"href":"https:\/\/dacica.ro\/aurora\/wp-json\/wp\/v2\/posts"}],"about":[{"href":"https:\/\/dacica.ro\/aurora\/wp-json\/wp\/v2\/types\/post"}],"author":[{"embeddable":true,"href":"https:\/\/dacica.ro\/aurora\/wp-json\/wp\/v2\/users\/1"}],"replies":[{"embeddable":true,"href":"https:\/\/dacica.ro\/aurora\/wp-json\/wp\/v2\/comments?post=3289"}],"version-history":[{"count":82,"href":"https:\/\/dacica.ro\/aurora\/wp-json\/wp\/v2\/posts\/3289\/revisions"}],"predecessor-version":[{"id":3393,"href":"https:\/\/dacica.ro\/aurora\/wp-json\/wp\/v2\/posts\/3289\/revisions\/3393"}],"wp:featuredmedia":[{"embeddable":true,"href":"https:\/\/dacica.ro\/aurora\/wp-json\/wp\/v2\/media\/3290"}],"wp:attachment":[{"href":"https:\/\/dacica.ro\/aurora\/wp-json\/wp\/v2\/media?parent=3289"}],"wp:term":[{"taxonomy":"category","embeddable":true,"href":"https:\/\/dacica.ro\/aurora\/wp-json\/wp\/v2\/categories?post=3289"},{"taxonomy":"post_tag","embeddable":true,"href":"https:\/\/dacica.ro\/aurora\/wp-json\/wp\/v2\/tags?post=3289"}],"curies":[{"name":"wp","href":"https:\/\/api.w.org\/{rel}","templated":true}]}}